{"id":4984,"date":"2023-07-11T07:11:21","date_gmt":"2023-07-11T10:11:21","guid":{"rendered":"https:\/\/diariorepublica.com.ar\/web\/?p=4984"},"modified":"2023-07-11T07:11:22","modified_gmt":"2023-07-11T10:11:22","slug":"gremios-estatales-se-reunieron-con-el-gobierno-para-analizar-mejoras-salariales","status":"publish","type":"post","link":"https:\/\/diariorepublica.com.ar\/web\/index.php\/politica\/2023\/07\/11\/gremios-estatales-se-reunieron-con-el-gobierno-para-analizar-mejoras-salariales\/","title":{"rendered":"Gremios estatales se reunieron con el Gobierno para analizar mejoras salariales"},"content":{"rendered":"<p>El Gobierno de la Provincia se reuni\u00f3 con los gremios estatales para empezar a definir lo que ser\u00e1 el incremento salarial a los empleados de la Administraci\u00f3n P\u00fablica para lo que resta del a\u00f1o.<\/p>\n<p>La Provincia estuvo representada por la ministra de Trabajo, Planificaci\u00f3n y Recursos Humanos, Ver\u00f3nica Soria, que se reuni\u00f3 con los referentes de ATE y de UPCN.<\/p>\n<p>El Ejecutivo provincial no rechaz\u00f3 el planteo de los sindicatos pero pidi\u00f3 que este incremento sea abonado en cuotas. En el caso de ATE, el gremio pide que el aumento sea a lo sumo en tres cuotas, siendo la primera la que contemple el mayor porcentaje de incremento.<\/p>\n<p>El jueves, las partes volver\u00e1n a reunirse para intentar llegar a un acuerdo.<\/p>\n","protected":false},"excerpt":{"rendered":"<p>El Gobierno de la Provincia se reuni\u00f3 con los gremios estatales para empezar a definir lo que ser\u00e1 el incremento<\/p>\n","protected":false},"author":2,"featured_media":4985,"comment_status":"closed","ping_status":"closed","sticky":false,"template":"","format":"standard","meta":{"footnotes":"","jetpack_publicize_message":"","jetpack_publicize_feature_enabled":true,"jetpack_social_post_already_shared":false,"jetpack_social_options":{"image_generator_settings":{"template":"highway","enabled":false},"version":2}},"categories":[12],"tags":[],"class_list":["post-4984","post","type-post","status-publish","format-standard","has-post-thumbnail","hentry","category-politica"],"jetpack_publicize_connections":[],"_links":{"self":[{"href":"https:\/\/diariorepublica.com.ar\/web\/index.php\/wp-json\/wp\/v2\/posts\/4984"}],"collection":[{"href":"https:\/\/diariorepublica.com.ar\/web\/index.php\/wp-json\/wp\/v2\/posts"}],"about":[{"href":"https:\/\/diariorepublica.com.ar\/web\/index.php\/wp-json\/wp\/v2\/types\/post"}],"author":[{"embeddable":true,"href":"https:\/\/diariorepublica.com.ar\/web\/index.php\/wp-json\/wp\/v2\/users\/2"}],"replies":[{"embeddable":true,"href":"https:\/\/diariorepublica.com.ar\/web\/index.php\/wp-json\/wp\/v2\/comments?post=4984"}],"version-history":[{"count":1,"href":"https:\/\/diariorepublica.com.ar\/web\/index.php\/wp-json\/wp\/v2\/posts\/4984\/revisions"}],"predecessor-version":[{"id":4986,"href":"https:\/\/diariorepublica.com.ar\/web\/index.php\/wp-json\/wp\/v2\/posts\/4984\/revisions\/4986"}],"wp:featuredmedia":[{"embeddable":true,"href":"https:\/\/diariorepublica.com.ar\/web\/index.php\/wp-json\/wp\/v2\/media\/4985"}],"wp:attachment":[{"href":"https:\/\/diariorepublica.com.ar\/web\/index.php\/wp-json\/wp\/v2\/media?parent=4984"}],"wp:term":[{"taxonomy":"category","embeddable":true,"href":"https:\/\/diariorepublica.com.ar\/web\/index.php\/wp-json\/wp\/v2\/categories?post=4984"},{"taxonomy":"post_tag","embeddable":true,"href":"https:\/\/diariorepublica.com.ar\/web\/index.php\/wp-json\/wp\/v2\/tags?post=4984"}],"curies":[{"name":"wp","href":"https:\/\/api.w.org\/{rel}","templated":true}]}}