{"id":5006,"date":"2023-07-11T07:56:05","date_gmt":"2023-07-11T10:56:05","guid":{"rendered":"https:\/\/diariorepublica.com.ar\/web\/?p=5006"},"modified":"2023-07-11T07:56:07","modified_gmt":"2023-07-11T10:56:07","slug":"sigue-creciendo-el-numero-de-casos-positivos-de-covid-en-catamarca","status":"publish","type":"post","link":"https:\/\/diariorepublica.com.ar\/web\/index.php\/sociedad\/2023\/07\/11\/sigue-creciendo-el-numero-de-casos-positivos-de-covid-en-catamarca\/","title":{"rendered":"Sigue creciendo el numero de casos positivos de COVID en Catamarca"},"content":{"rendered":"<p>Por segunda semana consecutiva, la provincia no registra casos de dengue, seg\u00fan lo informado por la Direcci\u00f3n Provincial de Epidemiolog\u00eda del Ministerio de Salud. Por lo tanto, el total de casos confirmados durante el presente a\u00f1o se mantiene en 1014.<\/p>\n<p>Con estos datos se ratifica que el serotipo identificado en el total de los casos confirmados a la fecha correspondi\u00f3 al DEN-2, a excepci\u00f3n de cinco casos detectados del serotipo DEN-1: uno perteneciente al departamento Valle Viejo, con antecedente de viaje a Paraguay. Cuatro pertenecientes a Capital, del cual uno cuenta con antecedente de viaje a Buenos Aires. El \u00faltimo caso detectado reside en Valle Viejo y presenta antecedente de viaje a Misiones.<\/p>\n<p>El \u00faltimo caso aportado por Salud sostiene que el rango de edad de las personas afectadas es de 1 a 91 a\u00f1os, con una media de 37 a\u00f1os.<\/p>\n<p>M\u00e1s Covid<\/p>\n<p>Lo que s\u00ed se registra y mantiene un incremento, son los casos de Covid, que luego de los 31 casos de la semana anterior, oficialmente se confirma la existencia de 43 nuevos contagios. De esta manera el incremento, aunque leve en comparaci\u00f3n a otros momentos de la pandemia, no deja de ser sustancial.<\/p>\n<p>Las mismas autoridades indican que se est\u00e1 dando \u201cun franco aumento\u201d pero seguidamente se apuran en marcar que los n\u00fameros no son alarmantes y que ni se comparan con un brote. No obstante, esto, no pueden dejar de mencionar que \u201cen las \u00faltimas tres semanas venimos duplicando la cantidad de casos, lo que es l\u00f3gico si pensamos que estamos en \u00e9poca de circulaci\u00f3n de virus circulatorios y por ende todos los virus respiratorios, aumentan, incluyendo el del Covid\u00bb.<\/p>\n<p>Ante esto, son dos las recomendaciones, reforzar los cuidados personales y completar los esquemas de vacunaci\u00f3n.<\/p>\n","protected":false},"excerpt":{"rendered":"<p>Por segunda semana consecutiva, la provincia no registra casos de dengue, seg\u00fan lo informado por la Direcci\u00f3n Provincial de Epidemiolog\u00eda<\/p>\n","protected":false},"author":2,"featured_media":5007,"comment_status":"closed","ping_status":"closed","sticky":false,"template":"","format":"standard","meta":{"footnotes":"","jetpack_publicize_message":"","jetpack_publicize_feature_enabled":true,"jetpack_social_post_already_shared":false,"jetpack_social_options":{"image_generator_settings":{"template":"highway","enabled":false},"version":2}},"categories":[3],"tags":[],"class_list":["post-5006","post","type-post","status-publish","format-standard","has-post-thumbnail","hentry","category-sociedad"],"jetpack_publicize_connections":[],"_links":{"self":[{"href":"https:\/\/diariorepublica.com.ar\/web\/index.php\/wp-json\/wp\/v2\/posts\/5006"}],"collection":[{"href":"https:\/\/diariorepublica.com.ar\/web\/index.php\/wp-json\/wp\/v2\/posts"}],"about":[{"href":"https:\/\/diariorepublica.com.ar\/web\/index.php\/wp-json\/wp\/v2\/types\/post"}],"author":[{"embeddable":true,"href":"https:\/\/diariorepublica.com.ar\/web\/index.php\/wp-json\/wp\/v2\/users\/2"}],"replies":[{"embeddable":true,"href":"https:\/\/diariorepublica.com.ar\/web\/index.php\/wp-json\/wp\/v2\/comments?post=5006"}],"version-history":[{"count":1,"href":"https:\/\/diariorepublica.com.ar\/web\/index.php\/wp-json\/wp\/v2\/posts\/5006\/revisions"}],"predecessor-version":[{"id":5008,"href":"https:\/\/diariorepublica.com.ar\/web\/index.php\/wp-json\/wp\/v2\/posts\/5006\/revisions\/5008"}],"wp:featuredmedia":[{"embeddable":true,"href":"https:\/\/diariorepublica.com.ar\/web\/index.php\/wp-json\/wp\/v2\/media\/5007"}],"wp:attachment":[{"href":"https:\/\/diariorepublica.com.ar\/web\/index.php\/wp-json\/wp\/v2\/media?parent=5006"}],"wp:term":[{"taxonomy":"category","embeddable":true,"href":"https:\/\/diariorepublica.com.ar\/web\/index.php\/wp-json\/wp\/v2\/categories?post=5006"},{"taxonomy":"post_tag","embeddable":true,"href":"https:\/\/diariorepublica.com.ar\/web\/index.php\/wp-json\/wp\/v2\/tags?post=5006"}],"curies":[{"name":"wp","href":"https:\/\/api.w.org\/{rel}","templated":true}]}}