{"id":5060,"date":"2023-07-12T10:12:00","date_gmt":"2023-07-12T13:12:00","guid":{"rendered":"https:\/\/diariorepublica.com.ar\/web\/?p=5060"},"modified":"2023-07-12T08:13:28","modified_gmt":"2023-07-12T11:13:28","slug":"la-mayoria-de-las-futbolistas-pidio-permisos-o-vacaciones-para-jugar-el-mundial-fifa","status":"publish","type":"post","link":"https:\/\/diariorepublica.com.ar\/web\/index.php\/deportes\/2023\/07\/12\/la-mayoria-de-las-futbolistas-pidio-permisos-o-vacaciones-para-jugar-el-mundial-fifa\/","title":{"rendered":"La mayor\u00eda de las futbolistas pidi\u00f3 permisos o vacaciones para jugar el Mundial FIFA"},"content":{"rendered":"<p>El 66% de las futbolistas pidi\u00f3 permiso no remunerado o vacaciones de su otro empleo para jugar con su selecci\u00f3n nacional la Copa Mundial Femenina de la FIFA que comienza el pr\u00f3ximo 20 de julio, revel\u00f3 una investigaci\u00f3n del Sindicato Internacional de Futbolistas (Fifpro) que adem\u00e1s entrevist\u00f3 a 362 jugadoras para conocer su situaci\u00f3n, en la primera indagaci\u00f3n de este tipo.<\/p>\n<p>La investigaci\u00f3n se centr\u00f3 en la fase clasificatoria de la Copa Mundial Femenina que se disputar\u00e1 en Nueva Zelanda y Australia, junto con una encuesta pionera realizada a jugadoras de selecciones nacionales de cada una de las seis confederaciones de f\u00fatbol.<\/p>\n<p>Las v\u00edas de clasificaci\u00f3n para la Copa Mundial fueron \u00abdesiguales y dispares\u00bb, con \u201cnumerosas inconsistencias en la programaci\u00f3n, la duraci\u00f3n, el formato y las condiciones entre torneos\u201d, indic\u00f3 el informe.<\/p>\n<p>El informe subray\u00f3 \u00abla naturaleza fragmentada\u00bb de la clasificaci\u00f3n, destacando v\u00edas y condiciones \u00absumamente diferentes\u00bb para las jugadoras que compiten al m\u00e1ximo nivel en sus confederaciones y que rivalizaron para clasificarse al Mundial.<\/p>\n<p>En base a los hallazgos, Fifpro inst\u00f3 \u00aba un proceso de clasificaci\u00f3n \u00fanico, que proporcione a las mejores jugadoras del mundo m\u00e1s oportunidades de jugar y de alcanzar su pleno potencial\u00bb.<\/p>\n<p>Asimismo, el sindicato inst\u00f3 a todas las confederaciones a implementar, bajo la orientaci\u00f3n de la FIFA, un est\u00e1ndar \u00fanico y universal de clasificaci\u00f3n, y una estructura que garantice una ruta \u00abm\u00e1s segura\u00bb hacia las competiciones internacionales de \u00e9lite.<\/p>\n<p>\u00abDebemos asegurarnos de que el marco del juego se asiente en una s\u00f3lida base y promueva la igualdad, la justicia y las mejores pr\u00e1cticas para las jugadoras, con independencia de d\u00f3nde compitan\u00bb, afirm\u00f3 David Aganzo, presidente de Fifpro.<\/p>\n<p>Tan solo una confederaci\u00f3n, la Uni\u00f3n de Federaciones Europeas de F\u00fatbol (UEFA), proporcion\u00f3 un proceso de clasificaci\u00f3n aparte; las otras cinco recurrieron a los campeonatos de confederaci\u00f3n, que sirvieron como v\u00eda de clasificaci\u00f3n para la Copa Mundial y, en el caso de Concacaf (Confederaci\u00f3n de Norteam\u00e9rica, Centroam\u00e9rica y el Caribe de F\u00fatbol) y la Sudamericana (Conmebol), sirvieron tambi\u00e9n como clasificatorios para los Juegos Ol\u00edmpicos de 2024.<\/p>\n<p>La investigaci\u00f3n resalt\u00f3 que \u00abse necesitan mejoras en todas las regiones y en todos los aspectos, desde la salud a la recuperaci\u00f3n, y desde las condiciones de entrenamiento a la compensaci\u00f3n\u00bb.<\/p>\n<p>La competici\u00f3n clasificatoria de la UEFA \u00aben contraste con el resto de las confederaciones, presenta una oportunidad m\u00e1s regular de jugar partidos de selecci\u00f3n nacional de forma competitivamente relevante durante un periodo m\u00e1s extenso\u00bb.<\/p>\n<p>Para complementar la investigaci\u00f3n, Fifpro solicit\u00f3 a las futbolistas que calificaran sus experiencias del proceso de clasificaci\u00f3n durante los \u00faltimos 18 meses y les pregunt\u00f3 hasta qu\u00e9 punto requer\u00edan mejoras en \u00e1mbitos como la salud y la seguridad, la programaci\u00f3n o las condiciones de juego, en la primera entrevista global sobre calidad de vida realizada a las jugadoras acerca de la clasificaci\u00f3n de la Copa Mundial Femenina.<\/p>\n<p>Entre los hallazgos se identific\u00f3 que el 70% no fue sometida a un chequeo coronario con anterioridad al torneo, que el 54% no recibi\u00f3 atenci\u00f3n m\u00e9dica con anterioridad a las competencias, y el 66% afirm\u00f3 que las instalaciones de recuperaci\u00f3n no alcanzaban el est\u00e1ndar de \u00e9lite, o simplemente no exist\u00edan.<\/p>\n<p>Adem\u00e1s, el 70% respondi\u00f3 que las instalaciones de gimnasio no alcanzaban el est\u00e1ndar de \u00e9lite y el 59% por ciento vol\u00f3 en clase turista, incluyendo vuelos de larga distancia.<\/p>\n<p>La Copa Mundial \u00abes la cumbre del f\u00fatbol de una selecci\u00f3n nacional, pero las v\u00edas al torneo definen las condiciones de las jugadoras a lo largo de un periodo muy extenso. Por consiguiente, es vital garantizar las mejores condiciones posibles. Estamos preparados para trabajar con la FIFA y las confederaciones, a fin de mejorar las condiciones de clasificaci\u00f3n y abordar la fragmentaci\u00f3n y las desigualdades actuales\u00bb, se\u00f1al\u00f3 Jonas Baer-Hoffmann, secretario general de Fifpro.<\/p>\n<p>Entre otros hallazgos de la encuesta est\u00e1 el que casi un tercio de las jugadoras -el 29%- no recibi\u00f3 ninguna compensaci\u00f3n por su participaci\u00f3n en la clasificaci\u00f3n para la Copa Mundial y el 76% tuvo que solicitar permiso no retribuido o vacaciones de otro empleo para jugar con su selecci\u00f3n nacional.<\/p>\n<p>Por su parte, Sarah Gregorius, directora de Pol\u00edtica Global y Relaciones Estrat\u00e9gicas de Fifpro, asegur\u00f3: \u00abUn informe basado en la evidencia es vital para identificar \u00e1mbitos fundamentales de mejora y, mediante la conexi\u00f3n entre nuestros sindicatos y sus jugadoras, hemos podido cultivar una serie de concepciones a nivel regional y global. Agradecemos a las futbolistas su disposici\u00f3n para compartir sus experiencias; es mediante la voz de quienes viven y alientan el juego, como podemos avanzar como industria\u00bb. (T\u00e9lam)<\/p>\n","protected":false},"excerpt":{"rendered":"<p>El 66% de las futbolistas pidi\u00f3 permiso no remunerado o vacaciones de su otro empleo para jugar con su selecci\u00f3n<\/p>\n","protected":false},"author":1,"featured_media":5061,"comment_status":"closed","ping_status":"closed","sticky":false,"template":"","format":"standard","meta":{"footnotes":"","jetpack_publicize_message":"","jetpack_publicize_feature_enabled":true,"jetpack_social_post_already_shared":false,"jetpack_social_options":{"image_generator_settings":{"template":"highway","enabled":false},"version":2}},"categories":[9],"tags":[],"class_list":["post-5060","post","type-post","status-publish","format-standard","has-post-thumbnail","hentry","category-deportes"],"jetpack_publicize_connections":[],"_links":{"self":[{"href":"https:\/\/diariorepublica.com.ar\/web\/index.php\/wp-json\/wp\/v2\/posts\/5060"}],"collection":[{"href":"https:\/\/diariorepublica.com.ar\/web\/index.php\/wp-json\/wp\/v2\/posts"}],"about":[{"href":"https:\/\/diariorepublica.com.ar\/web\/index.php\/wp-json\/wp\/v2\/types\/post"}],"author":[{"embeddable":true,"href":"https:\/\/diariorepublica.com.ar\/web\/index.php\/wp-json\/wp\/v2\/users\/1"}],"replies":[{"embeddable":true,"href":"https:\/\/diariorepublica.com.ar\/web\/index.php\/wp-json\/wp\/v2\/comments?post=5060"}],"version-history":[{"count":1,"href":"https:\/\/diariorepublica.com.ar\/web\/index.php\/wp-json\/wp\/v2\/posts\/5060\/revisions"}],"predecessor-version":[{"id":5062,"href":"https:\/\/diariorepublica.com.ar\/web\/index.php\/wp-json\/wp\/v2\/posts\/5060\/revisions\/5062"}],"wp:featuredmedia":[{"embeddable":true,"href":"https:\/\/diariorepublica.com.ar\/web\/index.php\/wp-json\/wp\/v2\/media\/5061"}],"wp:attachment":[{"href":"https:\/\/diariorepublica.com.ar\/web\/index.php\/wp-json\/wp\/v2\/media?parent=5060"}],"wp:term":[{"taxonomy":"category","embeddable":true,"href":"https:\/\/diariorepublica.com.ar\/web\/index.php\/wp-json\/wp\/v2\/categories?post=5060"},{"taxonomy":"post_tag","embeddable":true,"href":"https:\/\/diariorepublica.com.ar\/web\/index.php\/wp-json\/wp\/v2\/tags?post=5060"}],"curies":[{"name":"wp","href":"https:\/\/api.w.org\/{rel}","templated":true}]}}