{"id":5080,"date":"2023-07-12T09:32:41","date_gmt":"2023-07-12T12:32:41","guid":{"rendered":"https:\/\/diariorepublica.com.ar\/web\/?p=5080"},"modified":"2023-07-12T09:32:42","modified_gmt":"2023-07-12T12:32:42","slug":"record-historico-de-construccion-de-viviendas-en-la-provincia","status":"publish","type":"post","link":"https:\/\/diariorepublica.com.ar\/web\/index.php\/politica\/2023\/07\/12\/record-historico-de-construccion-de-viviendas-en-la-provincia\/","title":{"rendered":"R\u00e9cord hist\u00f3rico de construcci\u00f3n de viviendas en la provincia"},"content":{"rendered":"<p>El ministro de Vivienda y Urbanismo, Fidel S\u00e1enz, destac\u00f3 el compromiso del Gobierno provincial en la gesti\u00f3n, construcci\u00f3n y entrega de viviendas en todo el territorio catamarque\u00f1o.<\/p>\n<p>Estos hogares son financiados por el Fondo Minero, un fideicomiso que se constituye con regal\u00edas de la actividad y que tiene como principal objetivo desarrollar obras de infraestructura en Fiambal\u00e1, Tinogasta, Saujil, Pom\u00e1n, Mutqu\u00edn, Andalgal\u00e1, Bel\u00e9n y Antofagasta de la Sierra.<\/p>\n<p>Ante la reciente entrega de viviendas en Fiambal\u00e1, S\u00e1enz puso en relieve que la particularidad de \u00e9stas es que se construyeron \u201cen lugares tan alejados de los centros urbanos que nunca antes hab\u00edamos podido llegar. Ahora, con el mejoramiento de los caminos y la accesibilidad, hemos podido construir en Chuquisaca, en Mesada de Z\u00e1rate y en Punta del Agua\u201d.<\/p>\n<p>Asimismo, manifest\u00f3 que el objetivo del Gobierno provincial es llegar a fin de a\u00f1o entregando cerca de 4.500 soluciones habitacionales que se encuentran en construcci\u00f3n y de las cuales ya se van entregando cerca de 2.000. \u201cVamos a ver si cumplimos con las 6.000 viviendas que logramos conseguir financiadas entre Naci\u00f3n y Provincia para nuestra gente. Se trata de un r\u00e9cord hist\u00f3rico desde el regreso de la democracia, del \u201883 a esta parte\u201d<\/p>\n","protected":false},"excerpt":{"rendered":"<p>El ministro de Vivienda y Urbanismo, Fidel S\u00e1enz, destac\u00f3 el compromiso del Gobierno provincial en la gesti\u00f3n, construcci\u00f3n y entrega<\/p>\n","protected":false},"author":2,"featured_media":5081,"comment_status":"closed","ping_status":"closed","sticky":false,"template":"","format":"standard","meta":{"footnotes":"","jetpack_publicize_message":"","jetpack_publicize_feature_enabled":true,"jetpack_social_post_already_shared":false,"jetpack_social_options":{"image_generator_settings":{"template":"highway","enabled":false},"version":2}},"categories":[12],"tags":[],"class_list":["post-5080","post","type-post","status-publish","format-standard","has-post-thumbnail","hentry","category-politica"],"jetpack_publicize_connections":[],"_links":{"self":[{"href":"https:\/\/diariorepublica.com.ar\/web\/index.php\/wp-json\/wp\/v2\/posts\/5080"}],"collection":[{"href":"https:\/\/diariorepublica.com.ar\/web\/index.php\/wp-json\/wp\/v2\/posts"}],"about":[{"href":"https:\/\/diariorepublica.com.ar\/web\/index.php\/wp-json\/wp\/v2\/types\/post"}],"author":[{"embeddable":true,"href":"https:\/\/diariorepublica.com.ar\/web\/index.php\/wp-json\/wp\/v2\/users\/2"}],"replies":[{"embeddable":true,"href":"https:\/\/diariorepublica.com.ar\/web\/index.php\/wp-json\/wp\/v2\/comments?post=5080"}],"version-history":[{"count":1,"href":"https:\/\/diariorepublica.com.ar\/web\/index.php\/wp-json\/wp\/v2\/posts\/5080\/revisions"}],"predecessor-version":[{"id":5082,"href":"https:\/\/diariorepublica.com.ar\/web\/index.php\/wp-json\/wp\/v2\/posts\/5080\/revisions\/5082"}],"wp:featuredmedia":[{"embeddable":true,"href":"https:\/\/diariorepublica.com.ar\/web\/index.php\/wp-json\/wp\/v2\/media\/5081"}],"wp:attachment":[{"href":"https:\/\/diariorepublica.com.ar\/web\/index.php\/wp-json\/wp\/v2\/media?parent=5080"}],"wp:term":[{"taxonomy":"category","embeddable":true,"href":"https:\/\/diariorepublica.com.ar\/web\/index.php\/wp-json\/wp\/v2\/categories?post=5080"},{"taxonomy":"post_tag","embeddable":true,"href":"https:\/\/diariorepublica.com.ar\/web\/index.php\/wp-json\/wp\/v2\/tags?post=5080"}],"curies":[{"name":"wp","href":"https:\/\/api.w.org\/{rel}","templated":true}]}}