{"id":5115,"date":"2023-07-13T07:04:00","date_gmt":"2023-07-13T10:04:00","guid":{"rendered":"https:\/\/diariorepublica.com.ar\/web\/?p=5115"},"modified":"2023-07-13T08:04:57","modified_gmt":"2023-07-13T11:04:57","slug":"la-psicologa-de-cecilia-strzyzowski-dijo-que-ella-le-conto-que-fue-victima-de-agresion-de-cesar-sena-y-por-que-acudio-a-sus-sesiones","status":"publish","type":"post","link":"https:\/\/diariorepublica.com.ar\/web\/index.php\/nacionales\/2023\/07\/13\/la-psicologa-de-cecilia-strzyzowski-dijo-que-ella-le-conto-que-fue-victima-de-agresion-de-cesar-sena-y-por-que-acudio-a-sus-sesiones\/","title":{"rendered":"La psic\u00f3loga de Cecilia Strzyzowski dijo que ella le cont\u00f3 que fue v\u00edctima de agresi\u00f3n de C\u00e9sar Sena y por qu\u00e9 acudi\u00f3 a sus sesiones"},"content":{"rendered":"<p>La psic\u00f3loga de\u00a0Cecilia Strzyzowski\u00a0dijo que ella le cont\u00f3 que<strong>\u00a0fue v\u00edctima de agresi\u00f3n de C\u00e9sar Sena y por qu\u00e9 acudi\u00f3 a sus sesiones.<\/strong><\/p>\n<p><strong>Lo declar\u00f3 ante los fiscales donde detall\u00f3 el motivo por el que la joven asesinada hab\u00eda concurrido en febrero de este a\u00f1o a su consultorio.\u00a0<\/strong><\/p>\n<p>La psic\u00f3loga que atendi\u00f3 a la joven Cecilia Strzyzowski detall\u00f3 que en las siete sesiones que mantuvo con ella,\u00a0<strong>le cont\u00f3 que hab\u00eda recibido una agresi\u00f3n por parte de C\u00e9sar Sena un mes antes de ser asesinada.\u00a0<\/strong><\/p>\n<p>La psic\u00f3loga\u00a0<strong>Mar\u00eda Eugenia \u00c1lvarez Piccinini<\/strong>\u00a0declar\u00f3 ante los fiscales del equipo especial que investigan el crimen de Cecilia y quienes intentan profundizar c\u00f3mo era su relaci\u00f3n con C\u00e9sar Sena.<\/p>\n<p>Las primeras cuatro sesiones en febrero,\u00a0<strong>Cecilia le cont\u00f3 a su psic\u00f3loga que acud\u00eda a su consultorio porque ella ten\u00eda problemas en su relaci\u00f3n con C\u00e9sar a ra\u00edz de la oposici\u00f3n que ten\u00edan los padres de \u00e9l por el noviazgo de ellos.\u00a0<\/strong><\/p>\n<p>En una de las sesiones, Cecilia le cont\u00f3 a la psic\u00f3loga lo que le hab\u00eda contado a un amigo suyo que declar\u00f3 con identidad protegida y est\u00e1 mencionado como \u201cCiervo\u201d en la causa. Que el 3 de mayo pasado, un mes antes de ser asesinada,\u00a0<strong>ella fue v\u00edctima de una agresi\u00f3n f\u00edsica por parte de C\u00e9sar Sena luego de una discusi\u00f3n que hab\u00edan protagonizado arriba de la camioneta.\u00a0<\/strong><\/p>\n<p>Cecilia hab\u00eda pactado con ella una sesi\u00f3n para los primeros d\u00edas de junio pero el 2 de ese mes,\u00a0<strong>la joven de 29 a\u00f1os se presume fue asesinada en la casa del matrimonio Sena por Emerenciano, Marcela Acu\u00f1a y C\u00e9sar.<\/strong>\u00a0(NA)<\/p>\n","protected":false},"excerpt":{"rendered":"<p>La psic\u00f3loga de\u00a0Cecilia Strzyzowski\u00a0dijo que ella le cont\u00f3 que\u00a0fue v\u00edctima de agresi\u00f3n de C\u00e9sar Sena y por qu\u00e9 acudi\u00f3 a<\/p>\n","protected":false},"author":1,"featured_media":5116,"comment_status":"closed","ping_status":"closed","sticky":false,"template":"","format":"standard","meta":{"footnotes":"","jetpack_publicize_message":"","jetpack_publicize_feature_enabled":true,"jetpack_social_post_already_shared":false,"jetpack_social_options":{"image_generator_settings":{"template":"highway","enabled":false},"version":2}},"categories":[4],"tags":[],"class_list":["post-5115","post","type-post","status-publish","format-standard","has-post-thumbnail","hentry","category-nacionales"],"jetpack_publicize_connections":[],"_links":{"self":[{"href":"https:\/\/diariorepublica.com.ar\/web\/index.php\/wp-json\/wp\/v2\/posts\/5115"}],"collection":[{"href":"https:\/\/diariorepublica.com.ar\/web\/index.php\/wp-json\/wp\/v2\/posts"}],"about":[{"href":"https:\/\/diariorepublica.com.ar\/web\/index.php\/wp-json\/wp\/v2\/types\/post"}],"author":[{"embeddable":true,"href":"https:\/\/diariorepublica.com.ar\/web\/index.php\/wp-json\/wp\/v2\/users\/1"}],"replies":[{"embeddable":true,"href":"https:\/\/diariorepublica.com.ar\/web\/index.php\/wp-json\/wp\/v2\/comments?post=5115"}],"version-history":[{"count":1,"href":"https:\/\/diariorepublica.com.ar\/web\/index.php\/wp-json\/wp\/v2\/posts\/5115\/revisions"}],"predecessor-version":[{"id":5117,"href":"https:\/\/diariorepublica.com.ar\/web\/index.php\/wp-json\/wp\/v2\/posts\/5115\/revisions\/5117"}],"wp:featuredmedia":[{"embeddable":true,"href":"https:\/\/diariorepublica.com.ar\/web\/index.php\/wp-json\/wp\/v2\/media\/5116"}],"wp:attachment":[{"href":"https:\/\/diariorepublica.com.ar\/web\/index.php\/wp-json\/wp\/v2\/media?parent=5115"}],"wp:term":[{"taxonomy":"category","embeddable":true,"href":"https:\/\/diariorepublica.com.ar\/web\/index.php\/wp-json\/wp\/v2\/categories?post=5115"},{"taxonomy":"post_tag","embeddable":true,"href":"https:\/\/diariorepublica.com.ar\/web\/index.php\/wp-json\/wp\/v2\/tags?post=5115"}],"curies":[{"name":"wp","href":"https:\/\/api.w.org\/{rel}","templated":true}]}}