{"id":5124,"date":"2023-07-13T00:07:00","date_gmt":"2023-07-13T03:07:00","guid":{"rendered":"https:\/\/diariorepublica.com.ar\/web\/?p=5124"},"modified":"2023-07-13T08:08:41","modified_gmt":"2023-07-13T11:08:41","slug":"elisa-carrio-sufrio-un-accidente-isquemico-que-dice-el-parte-medico","status":"publish","type":"post","link":"https:\/\/diariorepublica.com.ar\/web\/index.php\/politica\/2023\/07\/13\/elisa-carrio-sufrio-un-accidente-isquemico-que-dice-el-parte-medico\/","title":{"rendered":"Elisa Carri\u00f3 sufri\u00f3 un accidente isqu\u00e9mico: qu\u00e9 dice el parte m\u00e9dico"},"content":{"rendered":"<article id=\"article-post\" class=\"first\">\n<div class=\"cuerpo\" data-twitter-link=\"https:\/\/twitter.com\/intent\/tweet?url=https:\/\/www.diariopopular.com.ar\/c727777&amp;via=poopulardiario&amp;related=Popular&amp;text=\">\n<p>La l\u00edder de la Coalici\u00f3n C\u00edvica-ARI,\u00a0Elisa Carri\u00f3, sufri\u00f3 este mi\u00e9rcoles un accidente isqu\u00e9mico transitorio (AIT),\u00a0una breve detenci\u00f3n del suministro de sangre a una parte del cerebro, y qued\u00f3 en observaci\u00f3n al menos hasta ma\u00f1ana en un centro de salud de la localidad santafesina de Esperanza.<\/p>\n<\/div>\n<\/article>\n<article id=\"article-post\">\n<div class=\"cuerpo\" data-twitter-link=\"https:\/\/twitter.com\/intent\/tweet?url=https:\/\/www.diariopopular.com.ar\/c727777&amp;via=poopulardiario&amp;related=Popular&amp;text=\">\n<p>La dirigente tuvo el trastorno durante un almuerzo de campa\u00f1a pol\u00edtica en un club local, informaron fuentes partidarias.<\/p>\n<p><strong>El diputado nacional y presidente de la CC-ARI, Maximiliano Ferraro,\u00a0<\/strong>por su parte, inform\u00f3 inicialmente a trav\u00e9s de su cuenta de Twitter que \u00abElisa Carri\u00f3 se encuentra internada en observaci\u00f3n en la ciudad de Esperanza, Santa Fe, luego de haber sentido mareos y algunos dolores musculares\u00bb.<\/p>\n<p>Seg\u00fan explic\u00f3 el dirigente, \u00abse encuentra bien y va a esperar a que los m\u00e9dicos le indiquen los pasos a seguir\u00bb.<\/p>\n<div id=\"embed3045_wrap\" class=\"embed_cont type_freetext\" contenteditable=\"false\" data-provider=\"Twitter\">\n<div id=\"embed3045_content\" class=\"embed_content\">\n<div id=\"embed3045_embed\">\n<div class=\"twitter-tweet twitter-tweet-rendered\"><iframe id=\"twitter-widget-0\" class=\"\" title=\"Twitter Tweet\" src=\"https:\/\/platform.twitter.com\/embed\/Tweet.html?creatorScreenName=diariopopular&amp;dnt=false&amp;embedId=twitter-widget-0&amp;features=eyJ0ZndfdGltZWxpbmVfbGlzdCI6eyJidWNrZXQiOltdLCJ2ZXJzaW9uIjpudWxsfSwidGZ3X2ZvbGxvd2VyX2NvdW50X3N1bnNldCI6eyJidWNrZXQiOnRydWUsInZlcnNpb24iOm51bGx9LCJ0ZndfdHdlZXRfZWRpdF9iYWNrZW5kIjp7ImJ1Y2tldCI6Im9uIiwidmVyc2lvbiI6bnVsbH0sInRmd19yZWZzcmNfc2Vzc2lvbiI6eyJidWNrZXQiOiJvbiIsInZlcnNpb24iOm51bGx9LCJ0ZndfZm9zbnJfc29mdF9pbnRlcnZlbnRpb25zX2VuYWJsZWQiOnsiYnVja2V0Ijoib24iLCJ2ZXJzaW9uIjpudWxsfSwidGZ3X21peGVkX21lZGlhXzE1ODk3Ijp7ImJ1Y2tldCI6InRyZWF0bWVudCIsInZlcnNpb24iOm51bGx9LCJ0ZndfZXhwZXJpbWVudHNfY29va2llX2V4cGlyYXRpb24iOnsiYnVja2V0IjoxMjA5NjAwLCJ2ZXJzaW9uIjpudWxsfSwidGZ3X3Nob3dfYmlyZHdhdGNoX3Bpdm90c19lbmFibGVkIjp7ImJ1Y2tldCI6Im9uIiwidmVyc2lvbiI6bnVsbH0sInRmd19kdXBsaWNhdGVfc2NyaWJlc190b19zZXR0aW5ncyI6eyJidWNrZXQiOiJvbiIsInZlcnNpb24iOm51bGx9LCJ0ZndfdXNlX3Byb2ZpbGVfaW1hZ2Vfc2hhcGVfZW5hYmxlZCI6eyJidWNrZXQiOiJvbiIsInZlcnNpb24iOm51bGx9LCJ0ZndfdmlkZW9faGxzX2R5bmFtaWNfbWFuaWZlc3RzXzE1MDgyIjp7ImJ1Y2tldCI6InRydWVfYml0cmF0ZSIsInZlcnNpb24iOm51bGx9LCJ0ZndfbGVnYWN5X3RpbWVsaW5lX3N1bnNldCI6eyJidWNrZXQiOnRydWUsInZlcnNpb24iOm51bGx9LCJ0ZndfdHdlZXRfZWRpdF9mcm9udGVuZCI6eyJidWNrZXQiOiJvbiIsInZlcnNpb24iOm51bGx9fQ%3D%3D&amp;frame=false&amp;hideCard=false&amp;hideThread=false&amp;id=1679241804938395649&amp;lang=en&amp;origin=https%3A%2F%2Fwww.diariopopular.com.ar%2Fpolitica%2Felisa-carrio-sufrio-un-accidente-isquemico-que-dice-el-parte-medico-n727777&amp;sessionId=92acaa6550cc31627c731561c6bae715c1928e92&amp;siteScreenName=diariopopular&amp;theme=light&amp;widgetsVersion=aaf4084522e3a%3A1674595607486&amp;width=550px\" frameborder=\"0\" scrolling=\"no\" allowfullscreen=\"allowfullscreen\" data-tweet-id=\"1679241804938395649\" data-gtm-yt-inspected-12=\"true\" data-mce-fragment=\"1\"><\/iframe><\/div>\n<\/div>\n<\/div>\n<div id=\"embed3045_epigrafe\" class=\"embed_epigrafe\"><\/div>\n<div id=\"embed3045_copyright\" class=\"embed_copyright\"><\/div>\n<\/div>\n<p>\u00abEstar\u00e1 en observaci\u00f3n hasta ma\u00f1ana pero por suerte ya est\u00e1 bien, est\u00e1 l\u00facida\u00bb, dijo la precandidata a diputada santafesina por la CC-ARI\u00a0<strong>Lucila Lehmann,\u00a0<\/strong>quien la acompa\u00f1aba durante la actividad.<\/p>\n<p>El parte m\u00e9dico brindado por los profesionales del sanatorio Esperanza afirm\u00f3 que el \u00abdolor de pecho\u00bb que sinti\u00f3 Carri\u00f3 al mediod\u00eda obedeci\u00f3 a un accidente isqu\u00e9mico transitorio, un tipo de accidente cerebrovascular breve y pasajero.<\/p>\n<p>\u00abLa Direcci\u00f3n M\u00e9dica del Sanatorio Esperanza informa sobre el estado de salud de la paciente Elisa M.A. Carri\u00f3. La paciente ingres\u00f3 a nuestra instituci\u00f3n el d\u00eda 12 de julio de 2023 presentando un cuadro compatible con d\u00e9ficit isqu\u00e9mico transitorio (cerebral)\u00bb, sostuvo el parte del nosocomio distribuido por el personal de prensa de Carri\u00f3.<\/p>\n<p>A\u00f1adi\u00f3 que \u00abse encuentra bajo observaci\u00f3n m\u00e9dica y se llevaron a cabo diversos estudios y an\u00e1lisis cl\u00ednicos para determinar el origen y la naturaleza de su condici\u00f3n. Actualmente, permanece en la instituci\u00f3n por decisi\u00f3n propia y del equipo m\u00e9dico, aguardando evoluci\u00f3n\u00bb.<\/p>\n<p>El informe oficial sostuvo que \u00abpor respeto a la privacidad y confidencialidad de la paciente, no proporcionaremos detalles adicionales sobre su estado de salud. Nos comprometemos a mantener informados a los medios de comunicaci\u00f3n y al p\u00fablico en general sobre cualquier novedad relevante en relaci\u00f3n con la evoluci\u00f3n m\u00e9dica de la paciente, siempre respetando los l\u00edmites \u00e9ticos y legales establecidos\u00bb.<\/p>\n<p>\u00abEn este momento, solicitamos comprensi\u00f3n y respeto hacia la privacidad de la paciente y su familia. Agradecemos la consideraci\u00f3n y solidaridad de todos los medios y personas involucradas\u00bb, concluy\u00f3.<\/p>\n<p>Carri\u00f3 hab\u00eda dejado esta tarde la unidad coronaria para ser trasladada a una habitaci\u00f3n com\u00fan, explic\u00f3 Lehmann, quien aclar\u00f3 que de todos modos quedar\u00e1 \u00aben observaci\u00f3n hasta ma\u00f1ana\u00bb.<\/p>\n<p>La dirigente explic\u00f3 que estaba junto a Carri\u00f3 en un almuerzo en la ciudad de Esperanza, cuando la precandidata al Parlasur \u00abse descompens\u00f3, se sinti\u00f3 mareada y con dolor muscular\u00bb.<\/p>\n<p>Ante ese cuadro, explic\u00f3<strong>\u00a0Lehmann,\u00a0<\/strong>los presentes llamaron al servicio p\u00fablico de emergencia sanitaria que, tras medir la presi\u00f3n arterial y evaluar su estado en el lugar, decidi\u00f3 trasladarla al centro de salud.<\/p>\n<p>All\u00ed fue sometida a \u00abestudios m\u00e1s espec\u00edficos\u00bb para diagnosticar su situaci\u00f3n de salud, teniendo en cuenta sus antecedentes de patolog\u00edas card\u00edacas, dijo la precandidata santafesina.<\/p>\n<p>Carri\u00f3 particip\u00f3 esta ma\u00f1ana, alrededor de las 11, de una actividad de campa\u00f1a en la Sociedad Rural de Las Colonias junto a productores agropecuarios de la zona y los dirigentes locales de su fuerza pol\u00edtica con miras a las elecciones primarias del pr\u00f3ximo domingo en Santa Fe.<\/p>\n<p>Luego de esa actividad proselitista, la referente de la CC-ARI se traslad\u00f3 hasta un almuerzo en el comedor del Club Social \u00abAar\u00f3n Castellanos\u00bb.<\/p>\n<p>En ese lugar sufri\u00f3 la descompensaci\u00f3n y fue asistida por el servicio de emergencia, para luego ser derivada al sanatorio Esperanza.<\/p>\n<p>Carri\u00f3 particip\u00f3 ayer de una actividad de campa\u00f1a en la Legislatura provincial, en la ciudad de Santa Fe, donde critic\u00f3 por \u00abpornogr\u00e1fico\u00bb el dinero empleado en la campa\u00f1a proselitista por otras fuerzas pol\u00edticas.<\/p>\n<p>Bajo el lema \u00abvamos a barrer la corrupci\u00f3n\u00bb, la exdiputada se fotografi\u00f3 en la puerta de la Legislatura junto a su precandidato a gobernador, Eduardo Maradona, y Lehmann.<\/p>\n<\/div>\n<\/article>\n","protected":false},"excerpt":{"rendered":"<p>La l\u00edder de la Coalici\u00f3n C\u00edvica-ARI,\u00a0Elisa Carri\u00f3, sufri\u00f3 este mi\u00e9rcoles un accidente isqu\u00e9mico transitorio (AIT),\u00a0una breve detenci\u00f3n del suministro de<\/p>\n","protected":false},"author":1,"featured_media":5125,"comment_status":"closed","ping_status":"closed","sticky":false,"template":"","format":"standard","meta":{"footnotes":"","jetpack_publicize_message":"","jetpack_publicize_feature_enabled":true,"jetpack_social_post_already_shared":false,"jetpack_social_options":{"image_generator_settings":{"template":"highway","enabled":false},"version":2}},"categories":[12],"tags":[],"class_list":["post-5124","post","type-post","status-publish","format-standard","has-post-thumbnail","hentry","category-politica"],"jetpack_publicize_connections":[],"_links":{"self":[{"href":"https:\/\/diariorepublica.com.ar\/web\/index.php\/wp-json\/wp\/v2\/posts\/5124"}],"collection":[{"href":"https:\/\/diariorepublica.com.ar\/web\/index.php\/wp-json\/wp\/v2\/posts"}],"about":[{"href":"https:\/\/diariorepublica.com.ar\/web\/index.php\/wp-json\/wp\/v2\/types\/post"}],"author":[{"embeddable":true,"href":"https:\/\/diariorepublica.com.ar\/web\/index.php\/wp-json\/wp\/v2\/users\/1"}],"replies":[{"embeddable":true,"href":"https:\/\/diariorepublica.com.ar\/web\/index.php\/wp-json\/wp\/v2\/comments?post=5124"}],"version-history":[{"count":1,"href":"https:\/\/diariorepublica.com.ar\/web\/index.php\/wp-json\/wp\/v2\/posts\/5124\/revisions"}],"predecessor-version":[{"id":5126,"href":"https:\/\/diariorepublica.com.ar\/web\/index.php\/wp-json\/wp\/v2\/posts\/5124\/revisions\/5126"}],"wp:featuredmedia":[{"embeddable":true,"href":"https:\/\/diariorepublica.com.ar\/web\/index.php\/wp-json\/wp\/v2\/media\/5125"}],"wp:attachment":[{"href":"https:\/\/diariorepublica.com.ar\/web\/index.php\/wp-json\/wp\/v2\/media?parent=5124"}],"wp:term":[{"taxonomy":"category","embeddable":true,"href":"https:\/\/diariorepublica.com.ar\/web\/index.php\/wp-json\/wp\/v2\/categories?post=5124"},{"taxonomy":"post_tag","embeddable":true,"href":"https:\/\/diariorepublica.com.ar\/web\/index.php\/wp-json\/wp\/v2\/tags?post=5124"}],"curies":[{"name":"wp","href":"https:\/\/api.w.org\/{rel}","templated":true}]}}