{"id":5181,"date":"2023-07-14T00:49:00","date_gmt":"2023-07-14T03:49:00","guid":{"rendered":"https:\/\/diariorepublica.com.ar\/web\/?p=5181"},"modified":"2023-07-14T07:50:28","modified_gmt":"2023-07-14T10:50:28","slug":"wanda-nara-recibio-el-alta-medica","status":"publish","type":"post","link":"https:\/\/diariorepublica.com.ar\/web\/index.php\/espectaculos\/2023\/07\/14\/wanda-nara-recibio-el-alta-medica\/","title":{"rendered":"Wanda Nara recibi\u00f3 el alta m\u00e9dica"},"content":{"rendered":"<article id=\"article-post\" class=\"first\">\n<div class=\"cuerpo\" data-twitter-link=\"https:\/\/twitter.com\/intent\/tweet?url=https:\/\/www.diariopopular.com.ar\/c727977&amp;via=poopulardiario&amp;related=Popular&amp;text=\">\n<p>El final de la historia fue feliz:\u00a0<strong>Wanda Nara recibi\u00f3 esta noche el alta m\u00e9dica,<\/strong>\u00a0seg\u00fan confirm\u00f3 su pap\u00e1 Andr\u00e9s Nara, quien se\u00f1al\u00f3 que la conductora de MasterChef se \u00abrealiz\u00f3 estudios de rutina y algunos chequeos porque se sent\u00eda mal. No qued\u00f3 internada\u00bb.<\/p>\n<\/div>\n<\/article>\n<article id=\"article-post\">\n<div class=\"cuerpo\" data-twitter-link=\"https:\/\/twitter.com\/intent\/tweet?url=https:\/\/www.diariopopular.com.ar\/c727977&amp;via=poopulardiario&amp;related=Popular&amp;text=\">\n<p>Este jueves en Intrusos (Am\u00e9rica TV) dieron la noticia de que\u00a0<strong>Wanda Nara<\/strong>\u00a0tuvo que ser atendida de urgencia.\u00a0<strong>\u00abHabr\u00eda estado anoche en la guardia del Sanatorio Los Arcos. El lunes pasado ten\u00eda previsto viajar a Dubai, pero tuvo que suspenderlo\u00bb<\/strong>, anunci\u00f3 la periodista\u00a0<strong>Marcela Tauro<\/strong>.<\/p>\n<p><strong>\u00abLa versi\u00f3n que yo tengo, que es de la producci\u00f3n de MasterChef, es que fue a hacerse chequeos\u00bb<\/strong>, dijo\u00a0<strong>Laura Ubfal<\/strong>, que se comunic\u00f3 con la producci\u00f3n del reality de gastronom\u00eda que se emite por Telefe.<\/p>\n<p><strong>\u00abChatearon con ella a la ma\u00f1ana y les dijo que est\u00e1 bien. Hay que ver si los chequeos tienen que ver con algo que estaba previsto o se empez\u00f3 a sentir mal\u00bb<\/strong>, agreg\u00f3 la periodista.<\/p>\n<p>Por su parte, Marcelo Polino sum\u00f3 informaci\u00f3n al respecto. El medi\u00e1tico fue consultado por el asunto desde A la tarde, donde resumieron<strong>: \u201cEst\u00e1 internada en Cl\u00ednica Los Arcos, algunos de los an\u00e1lisis no le dieron bien. Puntualmente, no le dio bien el conteo gl\u00f3bulos blancos\u201d<\/strong>.<\/p>\n<p><strong>\u201cCuando dan altos, generalmente es por alguna infecci\u00f3n<\/strong>\u201d, dijeron adem\u00e1s y se\u00f1alaron:\u00a0<strong>\u201cIba por estudios de rutina y se tiene que quedar internada, va a seguir internada por ahora\u201d<\/strong>. Polino comparti\u00f3:\u00a0<strong>\u201cMe lleg\u00f3 la informaci\u00f3n de que est\u00e1n evaluando punzarle la m\u00e9dula\u201d<\/strong>.<\/p>\n<\/div>\n<\/article>\n","protected":false},"excerpt":{"rendered":"<p>El final de la historia fue feliz:\u00a0Wanda Nara recibi\u00f3 esta noche el alta m\u00e9dica,\u00a0seg\u00fan confirm\u00f3 su pap\u00e1 Andr\u00e9s Nara, quien<\/p>\n","protected":false},"author":1,"featured_media":5182,"comment_status":"closed","ping_status":"closed","sticky":false,"template":"","format":"standard","meta":{"footnotes":"","jetpack_publicize_message":"","jetpack_publicize_feature_enabled":true,"jetpack_social_post_already_shared":false,"jetpack_social_options":{"image_generator_settings":{"template":"highway","enabled":false},"version":2}},"categories":[7],"tags":[],"class_list":["post-5181","post","type-post","status-publish","format-standard","has-post-thumbnail","hentry","category-espectaculos"],"jetpack_publicize_connections":[],"_links":{"self":[{"href":"https:\/\/diariorepublica.com.ar\/web\/index.php\/wp-json\/wp\/v2\/posts\/5181"}],"collection":[{"href":"https:\/\/diariorepublica.com.ar\/web\/index.php\/wp-json\/wp\/v2\/posts"}],"about":[{"href":"https:\/\/diariorepublica.com.ar\/web\/index.php\/wp-json\/wp\/v2\/types\/post"}],"author":[{"embeddable":true,"href":"https:\/\/diariorepublica.com.ar\/web\/index.php\/wp-json\/wp\/v2\/users\/1"}],"replies":[{"embeddable":true,"href":"https:\/\/diariorepublica.com.ar\/web\/index.php\/wp-json\/wp\/v2\/comments?post=5181"}],"version-history":[{"count":1,"href":"https:\/\/diariorepublica.com.ar\/web\/index.php\/wp-json\/wp\/v2\/posts\/5181\/revisions"}],"predecessor-version":[{"id":5183,"href":"https:\/\/diariorepublica.com.ar\/web\/index.php\/wp-json\/wp\/v2\/posts\/5181\/revisions\/5183"}],"wp:featuredmedia":[{"embeddable":true,"href":"https:\/\/diariorepublica.com.ar\/web\/index.php\/wp-json\/wp\/v2\/media\/5182"}],"wp:attachment":[{"href":"https:\/\/diariorepublica.com.ar\/web\/index.php\/wp-json\/wp\/v2\/media?parent=5181"}],"wp:term":[{"taxonomy":"category","embeddable":true,"href":"https:\/\/diariorepublica.com.ar\/web\/index.php\/wp-json\/wp\/v2\/categories?post=5181"},{"taxonomy":"post_tag","embeddable":true,"href":"https:\/\/diariorepublica.com.ar\/web\/index.php\/wp-json\/wp\/v2\/tags?post=5181"}],"curies":[{"name":"wp","href":"https:\/\/api.w.org\/{rel}","templated":true}]}}