{"id":5193,"date":"2023-07-14T16:00:00","date_gmt":"2023-07-14T19:00:00","guid":{"rendered":"https:\/\/diariorepublica.com.ar\/web\/?p=5193"},"modified":"2023-07-14T08:03:08","modified_gmt":"2023-07-14T11:03:08","slug":"una-bodega-argentina-fue-elegida-el-mejor-vinedo-del-mundo","status":"publish","type":"post","link":"https:\/\/diariorepublica.com.ar\/web\/index.php\/nacionales\/2023\/07\/14\/una-bodega-argentina-fue-elegida-el-mejor-vinedo-del-mundo\/","title":{"rendered":"Una bodega argentina fue elegida el mejor vi\u00f1edo del mundo"},"content":{"rendered":"<p>Orgullo argentino. La\u00a0bodega\u00a0mendocina de\u00a0<strong>Catena Zapata<\/strong>\u00a0lidera la lista de los\u00a0<strong>50 mejores proyectos\u00a0<\/strong>enotur\u00edsticos del\u00a0<strong>mundo del a\u00f1o 2023<\/strong>. La misma fue dada a conocer en Rioja, Espa\u00f1a y en ella tambi\u00e9n<strong>\u00a0figuran<\/strong>\u00a0otros cinco establecimientos vitivin\u00edcolas del pa\u00eds.<\/p>\n<p>Antinori nel Chianti Classico (Marchesi Antinori), Mejor Vi\u00f1edo del Mundo 2022, entr\u00f3 en el\u00a0<strong>Sal\u00f3n de la Fama de los Mejores\u00a0Vi\u00f1edos\u00a0del Mundo<\/strong>, reservado a los vi\u00f1edos que han encabezado la lista de ganadores.<\/p>\n<h6>Otros argentinos elegidos<\/h6>\n<p>Adem\u00e1s la mencionada,\u00a0<strong>otras dos bodegas mendocinas\u00a0<\/strong>ocuparon el top 10: Bodegas Salentein (en el nueve) y El Enemigo (en puesto 10). A las que se suman las bodegas Durigutti Family Winemakers (en el n\u00famero 13), Colom\u00e9 (en el puesto 24) y Diamandes (en el 48).<\/p>\n<p><img decoding=\"async\" src=\"https:\/\/www.canal26.com\/media\/image\/2023\/07\/13\/551627.jpg\" alt=\"Ranking de bodegas. Foto: Los mejores Vi\u00f1edos del mundo\" \/><span class=\"figcaption epigraph_text\">Ranking de bodegas. Foto: Los mejores Vi\u00f1edos del mundo<\/span><\/p>\n<p>\u00abThe World&#8217;s Best Vineyards\u00a0<strong>contin\u00faa destacando<\/strong>\u00a0los destinos de enoturismo en todo el mundo y con una impresionante lista de nuevas entradas este a\u00f1o, es m\u00e1s importante que nunca\u00bb, resalt\u00f3 Andrew Reed, director general del evento.<\/p>\n<p><img decoding=\"async\" src=\"https:\/\/www.canal26.com\/media\/image\/2023\/07\/13\/551628.jpg\" alt=\"Vino Catena Zapata. Foto: ellagarwineshop\" \/><span class=\"figcaption epigraph_text\">Vino Catena Zapata. Foto: ellagarwineshop<\/span><\/p>\n<p>\u201cEste reconocimiento\u00a0<strong>nos llena de orgullo y alegr\u00eda<\/strong>; sin dudas, afirma el camino correcto que hemos elegido para hacer de Las Compuertas y de nuestra finca un lugar en el mundo de gran valor\u00bb, afirm\u00f3 H\u00e9ctor Durigutti, en\u00f3logo y propietario.<\/p>\n<p>De los 23 vi\u00f1edos de Europa en la lista de este a\u00f1o, nueve correspondieron a Francia; cuatro fueron para Espa\u00f1a (entre ellos, el segundo lugar de Bodegas de los Herederos del Marqu\u00e9s de Riscal).<\/p>\n","protected":false},"excerpt":{"rendered":"<p>Orgullo argentino. La\u00a0bodega\u00a0mendocina de\u00a0Catena Zapata\u00a0lidera la lista de los\u00a050 mejores proyectos\u00a0enotur\u00edsticos del\u00a0mundo del a\u00f1o 2023. La misma fue dada a<\/p>\n","protected":false},"author":1,"featured_media":5194,"comment_status":"closed","ping_status":"closed","sticky":false,"template":"","format":"standard","meta":{"footnotes":"","jetpack_publicize_message":"","jetpack_publicize_feature_enabled":true,"jetpack_social_post_already_shared":false,"jetpack_social_options":{"image_generator_settings":{"template":"highway","enabled":false},"version":2}},"categories":[4],"tags":[],"class_list":["post-5193","post","type-post","status-publish","format-standard","has-post-thumbnail","hentry","category-nacionales"],"jetpack_publicize_connections":[],"_links":{"self":[{"href":"https:\/\/diariorepublica.com.ar\/web\/index.php\/wp-json\/wp\/v2\/posts\/5193"}],"collection":[{"href":"https:\/\/diariorepublica.com.ar\/web\/index.php\/wp-json\/wp\/v2\/posts"}],"about":[{"href":"https:\/\/diariorepublica.com.ar\/web\/index.php\/wp-json\/wp\/v2\/types\/post"}],"author":[{"embeddable":true,"href":"https:\/\/diariorepublica.com.ar\/web\/index.php\/wp-json\/wp\/v2\/users\/1"}],"replies":[{"embeddable":true,"href":"https:\/\/diariorepublica.com.ar\/web\/index.php\/wp-json\/wp\/v2\/comments?post=5193"}],"version-history":[{"count":1,"href":"https:\/\/diariorepublica.com.ar\/web\/index.php\/wp-json\/wp\/v2\/posts\/5193\/revisions"}],"predecessor-version":[{"id":5195,"href":"https:\/\/diariorepublica.com.ar\/web\/index.php\/wp-json\/wp\/v2\/posts\/5193\/revisions\/5195"}],"wp:featuredmedia":[{"embeddable":true,"href":"https:\/\/diariorepublica.com.ar\/web\/index.php\/wp-json\/wp\/v2\/media\/5194"}],"wp:attachment":[{"href":"https:\/\/diariorepublica.com.ar\/web\/index.php\/wp-json\/wp\/v2\/media?parent=5193"}],"wp:term":[{"taxonomy":"category","embeddable":true,"href":"https:\/\/diariorepublica.com.ar\/web\/index.php\/wp-json\/wp\/v2\/categories?post=5193"},{"taxonomy":"post_tag","embeddable":true,"href":"https:\/\/diariorepublica.com.ar\/web\/index.php\/wp-json\/wp\/v2\/tags?post=5193"}],"curies":[{"name":"wp","href":"https:\/\/api.w.org\/{rel}","templated":true}]}}