{"id":5204,"date":"2023-07-14T17:12:23","date_gmt":"2023-07-14T20:12:23","guid":{"rendered":"https:\/\/diariorepublica.com.ar\/web\/?p=5204"},"modified":"2023-07-14T17:12:24","modified_gmt":"2023-07-14T20:12:24","slug":"entregaron-las-primeras-unidades-que-renuevan-la-flota-de-taxis-y-remises-en-la-ciudad","status":"publish","type":"post","link":"https:\/\/diariorepublica.com.ar\/web\/index.php\/locales\/2023\/07\/14\/entregaron-las-primeras-unidades-que-renuevan-la-flota-de-taxis-y-remises-en-la-ciudad\/","title":{"rendered":"<strong>Entregaron las primeras unidades que renuevan la flota de taxis y remises en la ciudad<\/strong>"},"content":{"rendered":"<p>Organizada por la Federaci\u00f3n Nacional de Conductores de Taxis (FNCT), el vicegobernador Rub\u00e9n Dusso, particip\u00f3 en la entrega de las primeras ocho unidades, que se gestionaron bajo su colaboraci\u00f3n para el cambio del parque automotor de taxis y remises.<\/p>\n<p>Esta renovaci\u00f3n de unidades forma parte de la iniciativa de Cr\u00e9ditos para la Renovaci\u00f3n de Taxis y Remises de la Caja de Cr\u00e9dito Municipal junto a la firma Renault.<\/p>\n<p>Durante el encuentro, del que participaron; la diputada provincial Natalia Ponferrada; Miriam Ram\u00edrez, delegada Nacional de la FNCT, y Pablo Acevedo Cowes, gerente de Renault, el vicegobernador Dusso expres\u00f3 para todas y todos los presentes: \u201cCon esta medida tambi\u00e9n se van a fortalecer, junto a las y los choferes; las y los usuarios, que van a tener un mejor servicio, as\u00ed como los turistas que nos visitan, disfrutando del servicio de transporte con autos nuevos. Se trata de un camino que comienza de esta manera y vamos a trabajar para que haya muchos momentos como el que hoy estamos celebrando\u201d.<\/p>\n<p>\u201cSi cada uno pone su granito de arena vamos a construir juntos una mejor sociedad, una mejor comunidad, haciendo lo que venimos sosteniendo desde el primer d\u00eda; con m\u00e1s inclusi\u00f3n, con m\u00e1s contenci\u00f3n y mejor calidad de vida para todas y todos los catamarque\u00f1os\u201d, cerr\u00f3 Dusso.<\/p>\n","protected":false},"excerpt":{"rendered":"<p>Organizada por la Federaci\u00f3n Nacional de Conductores de Taxis (FNCT), el vicegobernador Rub\u00e9n Dusso, particip\u00f3 en la entrega de las<\/p>\n","protected":false},"author":1,"featured_media":5205,"comment_status":"closed","ping_status":"closed","sticky":false,"template":"","format":"standard","meta":{"footnotes":"","jetpack_publicize_message":"","jetpack_publicize_feature_enabled":true,"jetpack_social_post_already_shared":false,"jetpack_social_options":{"image_generator_settings":{"template":"highway","enabled":false},"version":2}},"categories":[2],"tags":[],"class_list":["post-5204","post","type-post","status-publish","format-standard","has-post-thumbnail","hentry","category-locales"],"jetpack_publicize_connections":[],"_links":{"self":[{"href":"https:\/\/diariorepublica.com.ar\/web\/index.php\/wp-json\/wp\/v2\/posts\/5204"}],"collection":[{"href":"https:\/\/diariorepublica.com.ar\/web\/index.php\/wp-json\/wp\/v2\/posts"}],"about":[{"href":"https:\/\/diariorepublica.com.ar\/web\/index.php\/wp-json\/wp\/v2\/types\/post"}],"author":[{"embeddable":true,"href":"https:\/\/diariorepublica.com.ar\/web\/index.php\/wp-json\/wp\/v2\/users\/1"}],"replies":[{"embeddable":true,"href":"https:\/\/diariorepublica.com.ar\/web\/index.php\/wp-json\/wp\/v2\/comments?post=5204"}],"version-history":[{"count":1,"href":"https:\/\/diariorepublica.com.ar\/web\/index.php\/wp-json\/wp\/v2\/posts\/5204\/revisions"}],"predecessor-version":[{"id":5206,"href":"https:\/\/diariorepublica.com.ar\/web\/index.php\/wp-json\/wp\/v2\/posts\/5204\/revisions\/5206"}],"wp:featuredmedia":[{"embeddable":true,"href":"https:\/\/diariorepublica.com.ar\/web\/index.php\/wp-json\/wp\/v2\/media\/5205"}],"wp:attachment":[{"href":"https:\/\/diariorepublica.com.ar\/web\/index.php\/wp-json\/wp\/v2\/media?parent=5204"}],"wp:term":[{"taxonomy":"category","embeddable":true,"href":"https:\/\/diariorepublica.com.ar\/web\/index.php\/wp-json\/wp\/v2\/categories?post=5204"},{"taxonomy":"post_tag","embeddable":true,"href":"https:\/\/diariorepublica.com.ar\/web\/index.php\/wp-json\/wp\/v2\/tags?post=5204"}],"curies":[{"name":"wp","href":"https:\/\/api.w.org\/{rel}","templated":true}]}}