{"id":5213,"date":"2023-07-14T18:26:29","date_gmt":"2023-07-14T21:26:29","guid":{"rendered":"https:\/\/diariorepublica.com.ar\/web\/?p=5213"},"modified":"2023-07-14T18:26:30","modified_gmt":"2023-07-14T21:26:30","slug":"raul-y-el-ministro-sergio-massa-recorrieron-fabrica-textil-y-se-reunieron-con-industriales","status":"publish","type":"post","link":"https:\/\/diariorepublica.com.ar\/web\/index.php\/politica\/2023\/07\/14\/raul-y-el-ministro-sergio-massa-recorrieron-fabrica-textil-y-se-reunieron-con-industriales\/","title":{"rendered":"Ra\u00fal y el ministro Sergio Massa recorrieron f\u00e1brica textil y se reunieron con industriales"},"content":{"rendered":"<p>El gobernador Ra\u00fal Jalil, junto al ministro de Econom\u00eda de la Naci\u00f3n, Sergio Massa, realizaron un recorrido por la f\u00e1brica Algodonera del Valle y mantuvieron una reuni\u00f3n con dirigentes de la UICa. Tambi\u00e9n estuvieron presentes la senadora nacional, Luc\u00eda Corpacci y el ministro de Industria, Comercio y Empleo, Lisandro \u00c1lvarez.<\/p>\n<p>Las autoridades nacionales llegaron para participar del acto inaugural de la Fiesta Nacional e Internacional del Poncho, pero en la previa aprovecharon para visitar la importante f\u00e1brica donde destacaron las pol\u00edticas e inversiones que lleva adelante Catamarca para promover la industria, lo que se ve reflejado en que las mayores inversiones del pa\u00eds en materia textil se dieron en nuestra provincia.<\/p>\n<p>\u201cEsta es una de las plantas m\u00e1s modernas del mundo en materia de hilander\u00eda\u201d, aseguraron las autoridades nacionales.<\/p>\n<p>Algodonera del Valle es una empresa textil referencia en el pa\u00eds y Sudam\u00e9rica, ya que est\u00e1 posicionados como uno de los principales proveedores de tejidos del mundo. Est\u00e1 ubicada en el Parque Industrial de El Pantanillo, con una producci\u00f3n de m\u00e1s de 2.000 toneladas mensuales en hilados de diferentes caracter\u00edsticas (Hilados para tejidos de punto, hilados para tejidos planos, hilados para medias, hilados para tapicer\u00eda y decoraci\u00f3n y tejidos de punto crudos entre otros).<\/p>\n<p><strong>Reuni\u00f3n con industriales<\/strong><\/p>\n<p>Posteriormente, el Gobernador junto a los ministros continuaron su agenda con una reuni\u00f3n con referentes de la UICa. donde dialogaron sobre el presente del sector en nuestra provincia.<\/p>\n<p>El vicepresidente de la UICa, Ra\u00fal Colombo, dio un panorama general del trabajo articulado que viene realizando el sector con el Gobierno Provincial con la implementaci\u00f3n de pol\u00edticas de promoci\u00f3n para la industria.<\/p>\n<p>Asimismo, el ministro Sergio Massa sostuvo que el compromiso es continuar trabajando por el desarrollo industrial, y afirm\u00f3: \u201ctenemos la convicci\u00f3n de un pa\u00eds donde el desarrollo industrial genere trabajo registrado y de calidad. Buscamos seguir trabajando en la idea del desarrollo industrial como modelo de pa\u00eds\u201d.<\/p>\n<p>Forman parte de la delegaci\u00f3n nacional los ministros del Interior, Wado de Pedro, y de Seguridad, An\u00edbal Fern\u00e1ndez; la secretaria de Miner\u00eda de la Naci\u00f3n, Fernanda \u00c1vila; el secretario de Planificaci\u00f3n del Desarrollo y la Competitividad Federal, Jorge Neme; el secretario de Industria y Desarrollo Productivo de la Naci\u00f3n, Jos\u00e9 Ignacio De Mendiguren; el secretario de Agricultura, Ganader\u00eda y Pesca de la Naci\u00f3n, Juan Jos\u00e9 Bahillo; el secretario de Econom\u00eda del Conocimiento, Juan Manuel Cheppi, entre otras autoridades.<\/p>\n","protected":false},"excerpt":{"rendered":"<p>El gobernador Ra\u00fal Jalil, junto al ministro de Econom\u00eda de la Naci\u00f3n, Sergio Massa, realizaron un recorrido por la f\u00e1brica<\/p>\n","protected":false},"author":1,"featured_media":5214,"comment_status":"closed","ping_status":"closed","sticky":false,"template":"","format":"standard","meta":{"footnotes":"","jetpack_publicize_message":"","jetpack_publicize_feature_enabled":true,"jetpack_social_post_already_shared":false,"jetpack_social_options":{"image_generator_settings":{"template":"highway","enabled":false},"version":2}},"categories":[12],"tags":[],"class_list":["post-5213","post","type-post","status-publish","format-standard","has-post-thumbnail","hentry","category-politica"],"jetpack_publicize_connections":[],"_links":{"self":[{"href":"https:\/\/diariorepublica.com.ar\/web\/index.php\/wp-json\/wp\/v2\/posts\/5213"}],"collection":[{"href":"https:\/\/diariorepublica.com.ar\/web\/index.php\/wp-json\/wp\/v2\/posts"}],"about":[{"href":"https:\/\/diariorepublica.com.ar\/web\/index.php\/wp-json\/wp\/v2\/types\/post"}],"author":[{"embeddable":true,"href":"https:\/\/diariorepublica.com.ar\/web\/index.php\/wp-json\/wp\/v2\/users\/1"}],"replies":[{"embeddable":true,"href":"https:\/\/diariorepublica.com.ar\/web\/index.php\/wp-json\/wp\/v2\/comments?post=5213"}],"version-history":[{"count":1,"href":"https:\/\/diariorepublica.com.ar\/web\/index.php\/wp-json\/wp\/v2\/posts\/5213\/revisions"}],"predecessor-version":[{"id":5215,"href":"https:\/\/diariorepublica.com.ar\/web\/index.php\/wp-json\/wp\/v2\/posts\/5213\/revisions\/5215"}],"wp:featuredmedia":[{"embeddable":true,"href":"https:\/\/diariorepublica.com.ar\/web\/index.php\/wp-json\/wp\/v2\/media\/5214"}],"wp:attachment":[{"href":"https:\/\/diariorepublica.com.ar\/web\/index.php\/wp-json\/wp\/v2\/media?parent=5213"}],"wp:term":[{"taxonomy":"category","embeddable":true,"href":"https:\/\/diariorepublica.com.ar\/web\/index.php\/wp-json\/wp\/v2\/categories?post=5213"},{"taxonomy":"post_tag","embeddable":true,"href":"https:\/\/diariorepublica.com.ar\/web\/index.php\/wp-json\/wp\/v2\/tags?post=5213"}],"curies":[{"name":"wp","href":"https:\/\/api.w.org\/{rel}","templated":true}]}}