{"id":5283,"date":"2023-07-17T19:00:41","date_gmt":"2023-07-17T22:00:41","guid":{"rendered":"https:\/\/diariorepublica.com.ar\/web\/?p=5283"},"modified":"2023-07-17T19:00:42","modified_gmt":"2023-07-17T22:00:42","slug":"taller-de-capacitacion-para-ceramistas","status":"publish","type":"post","link":"https:\/\/diariorepublica.com.ar\/web\/index.php\/sociedad\/2023\/07\/17\/taller-de-capacitacion-para-ceramistas\/","title":{"rendered":"Taller de capacitaci\u00f3n para ceramistas"},"content":{"rendered":"<p><em>Profesionales del Instituto de Tecnolog\u00eda Minera (INTEMIN) del Servicio Geol\u00f3gico Minero Argentino (SEGEMAR), dar\u00e1n una capacitaci\u00f3n t\u00e9cnica a ceramistas. El taller es coordinado por el Ministerio de Miner\u00eda y la Direcci\u00f3n Pcial. de Artesan\u00edas y F\u00e1brica de Alfombras.<\/em><\/p>\n<p>El encuentro, denominado Programa de Capacitaci\u00f3n en Cer\u00e1micas, se dictar\u00e1 en la Casa de la Cultura, entre los d\u00edas 18 y 21 de julio, de 9:00 a 12:30 horas, en el marco de las actividades programadas para la Fiesta Nacional e Internacional del Poncho. Y despert\u00f3 gran inter\u00e9s entre los artesanos de Catamarca y del resto de las provincias, incluso de otros pa\u00edses, que participan de la feria mayor de invierno.<\/p>\n<p>La capacitaci\u00f3n se desarrolla dentro del Programa de Asistencia Minera de la Secretar\u00eda de Miner\u00eda de la Naci\u00f3n que incluye un trabajo con las provincias, y en Catamarca es coordinado por el Ministerio de Miner\u00eda y la Direcci\u00f3n Provincial de Artesan\u00edas y F\u00e1brica de Alfombras.<\/p>\n<p>El taller, que ya cuenta con unos 120 inscriptos, es dictado por los profesionales del\u00a0<strong>SEGEMAR<\/strong>\u00a0y el prop\u00f3sito es otorgar herramientas t\u00e9cnicas y cient\u00edficas para mejorar y ampliar la producci\u00f3n en cer\u00e1mica. La tem\u00e1tica durante los cuatro d\u00edas ser\u00e1 la siguiente:<\/p>\n<ol>\n<li>Dep\u00f3sitos de arcillas en Catamarca; reconocimiento de materiales arcilloso en estado natural; c\u00f3mo se toman las muestras de suelo o material arcilloso; c\u00f3mo se documenta el trabajo de campo. A cargo de los ge\u00f3logos Noelia Carrizo y\u00a0Ram\u00f3n Carrizo.<\/li>\n<li>Unidades y magnitudes. Importancia de conocer las variables que influyen en las distintas etapas del proceso: densidad, composici\u00f3n, viscosidad, plasticidad, etc.<\/li>\n<li>Propiedades: densidad y viscosidad. T\u00e9cnicas de medici\u00f3n de estas propiedades ajustadas a criterios pr\u00e1cticos.<\/li>\n<li>Materias primas. Arcilla, caol\u00edn, cuarzo, etc.<\/li>\n<li>Orientativo cer\u00e1mico, procesos de conformado, secado y cocci\u00f3n. Propiedades del material cer\u00e1mico. Porosidad<\/li>\n<li>An\u00e1lisis de control mec\u00e1nicos y t\u00e9rmicos. An\u00e1lisis de fallas.<\/li>\n<li>Normas Mercosur para envases en contacto con alimentos solicitados por INAL para poder comercializar. Importancia en la salud para cumplir con lo requerido por el C\u00f3digo alimentario argentino.<\/li>\n<\/ol>\n<p>La apertura ser\u00e1 este martes, a las 9:00, en la Casa de la Cultura, sita en calle San Mart\u00edn 533 de la Capital catamarque\u00f1a.<\/p>\n","protected":false},"excerpt":{"rendered":"<p>Profesionales del Instituto de Tecnolog\u00eda Minera (INTEMIN) del Servicio Geol\u00f3gico Minero Argentino (SEGEMAR), dar\u00e1n una capacitaci\u00f3n t\u00e9cnica a ceramistas. El<\/p>\n","protected":false},"author":1,"featured_media":5284,"comment_status":"closed","ping_status":"closed","sticky":false,"template":"","format":"standard","meta":{"footnotes":"","jetpack_publicize_message":"","jetpack_publicize_feature_enabled":true,"jetpack_social_post_already_shared":false,"jetpack_social_options":{"image_generator_settings":{"template":"highway","enabled":false},"version":2}},"categories":[3],"tags":[],"class_list":["post-5283","post","type-post","status-publish","format-standard","has-post-thumbnail","hentry","category-sociedad"],"jetpack_publicize_connections":[],"_links":{"self":[{"href":"https:\/\/diariorepublica.com.ar\/web\/index.php\/wp-json\/wp\/v2\/posts\/5283"}],"collection":[{"href":"https:\/\/diariorepublica.com.ar\/web\/index.php\/wp-json\/wp\/v2\/posts"}],"about":[{"href":"https:\/\/diariorepublica.com.ar\/web\/index.php\/wp-json\/wp\/v2\/types\/post"}],"author":[{"embeddable":true,"href":"https:\/\/diariorepublica.com.ar\/web\/index.php\/wp-json\/wp\/v2\/users\/1"}],"replies":[{"embeddable":true,"href":"https:\/\/diariorepublica.com.ar\/web\/index.php\/wp-json\/wp\/v2\/comments?post=5283"}],"version-history":[{"count":1,"href":"https:\/\/diariorepublica.com.ar\/web\/index.php\/wp-json\/wp\/v2\/posts\/5283\/revisions"}],"predecessor-version":[{"id":5285,"href":"https:\/\/diariorepublica.com.ar\/web\/index.php\/wp-json\/wp\/v2\/posts\/5283\/revisions\/5285"}],"wp:featuredmedia":[{"embeddable":true,"href":"https:\/\/diariorepublica.com.ar\/web\/index.php\/wp-json\/wp\/v2\/media\/5284"}],"wp:attachment":[{"href":"https:\/\/diariorepublica.com.ar\/web\/index.php\/wp-json\/wp\/v2\/media?parent=5283"}],"wp:term":[{"taxonomy":"category","embeddable":true,"href":"https:\/\/diariorepublica.com.ar\/web\/index.php\/wp-json\/wp\/v2\/categories?post=5283"},{"taxonomy":"post_tag","embeddable":true,"href":"https:\/\/diariorepublica.com.ar\/web\/index.php\/wp-json\/wp\/v2\/tags?post=5283"}],"curies":[{"name":"wp","href":"https:\/\/api.w.org\/{rel}","templated":true}]}}