{"id":5292,"date":"2023-07-17T18:17:00","date_gmt":"2023-07-17T21:17:00","guid":{"rendered":"https:\/\/diariorepublica.com.ar\/web\/?p=5292"},"modified":"2023-07-17T19:18:06","modified_gmt":"2023-07-17T22:18:06","slug":"cristina-volvio-a-mostrarse-con-massa-deberian-inventar-un-simulador-de-presidentes","status":"publish","type":"post","link":"https:\/\/diariorepublica.com.ar\/web\/index.php\/nacionales\/2023\/07\/17\/cristina-volvio-a-mostrarse-con-massa-deberian-inventar-un-simulador-de-presidentes\/","title":{"rendered":"Cristina volvi\u00f3 a mostrarse con Massa: \u00abDeber\u00edan inventar un simulador de presidentes\u00bb"},"content":{"rendered":"<p>La vicepresidenta\u00a0<strong>Cristina Fern\u00e1ndez de Kirchner<\/strong>\u00a0volvi\u00f3 a mostrarse este lunes junto a\u00a0<strong>Sergio Massa<\/strong>, el precandidato a presidente de Uni\u00f3n por la Patria. Ambos encabezaron un acto de Aerol\u00edneas Argentinas en el que se present\u00f3 un simulador de vuelo para los aviones Boeing 737 MAX.<\/p>\n<p>Durante su discurso, la Vicepresidenta estableci\u00f3 una similitud con la presentaci\u00f3n del simulador de Aerol\u00edneas Argentinas y lanz\u00f3: \u00ab<strong>Alguien deber\u00eda inventar alg\u00fan simulador de presidentes, urgentemente, donde lo pusieran a uno con los n\u00fameros y problemas de la Argentina<\/strong>, porque hablando de simuladores, muchos simulamos como que la inflaci\u00f3n y el Fondo Monetario son fen\u00f3menos de la naturaleza. Pero los han provocado, los han tra\u00eddo\u00bb.<\/p>\n<p>En ese sentido, continu\u00f3: \u00abEl 29 de junio de 2023 se public\u00f3 el estudio de la cuentas en el exterior de la Argentina. \u00bfQu\u00e9 son? Los d\u00f3lares. Y hay una cifra fenomenal: 428.635 millones de d\u00f3lares.\u00a0<strong>Estos son los activos formados en el exterior por personas f\u00edsicas y jur\u00eddicas de la Argentina. Bienvenido a la Argentina, donde nos faltan los d\u00f3lares. Ah, pero afuera de la Argentina, hay un grupo selecto de argentinos que tienen casi un PBI<\/strong>\u00ab.<\/p>\n<p>\u00ab<strong>Los d\u00f3lares que le faltan a la argentina no son un fen\u00f3meno natural<\/strong>. Si todo esto estuviera declarado ser\u00edan monumentales los ingresos fiscales. Gran parte de esos activos se deben a evasi\u00f3n impositiva o sobrefacturaci\u00f3n de importaciones o subfacturaci\u00f3n de exportaciones\u00bb, explic\u00f3.<\/p>\n<p>A continuaci\u00f3n, procedi\u00f3 a preguntarle a Massa: \u00ab\u00bfMir\u00e1 si tuvieras esos d\u00f3lares? Probablemente ser\u00edas un hombre feliz y tendr\u00edas la mitad de lo que se perdi\u00f3 por la sequ\u00eda, que s\u00ed es un fen\u00f3meno natural\u00bb.<\/p>\n<p>\u00abEs necesario volver a hablar en serio de los problemas que tienen los argentinos y c\u00f3mo responderlos, con n\u00fameros en la mano y con el ejercicio de responsabilidad que a cada uno le cabe.\u00a0<strong>Al FMI no lo trajo este gobierno. Es m\u00e1s, el peronismo y el kirchnerismo lo hab\u00edan sacado, pero lo trajeron de vuelta<\/strong>\u00ab, remarc\u00f3 Cristina.<\/p>\n<p>Y apunt\u00f3 contra el FMI: \u00abArgentina hay una sola. Pero el Fondo Monetario tambi\u00e9n es uno solo.\u00a0<strong>Si nosotros tenemos que hacernos cargo del desmanejo del anterior presidente cuando convoc\u00f3 al Fondo, el Fondo, en su actual autoridad, se tiene que hacer cargo del desmanejo que tuvo la anterior directora<\/strong>. La continuidad institucional es para todos y para todas\u00bb.<\/p>\n<p>Por \u00faltimo, volvi\u00f3 a llamar a la reflexi\u00f3n sobre el futuro de la Argentina: \u00abEs necesario un fair play en serio y reglas de juego claras. Cada uno tiene que hacerse cargo de la parte de la historia que le corresponde. Este es el drama que tiene la Argentina. No lo tiene un gobierno, no lo tiene una ideolog\u00eda, lo tiene el pa\u00eds como estructura econ\u00f3mica, social y pol\u00edtica. Es necesario de una vez por todas hacerse cargo de c\u00f3mo abordar este problema\u00bb.<\/p>\n<p>Por su parte, Sergio Massa cruz\u00f3 al jefe de Gobierno porte\u00f1o y postulante a la Casa Rosada de Juntos por el Cambio, Horacio Rodr\u00edguez Larreta, por sus cuestionamientos al funcionamiento de Aerol\u00edneas Argentinas, y le reclam\u00f3 \u00abser serio en los n\u00fameros\u00bb.<\/p>\n<p>\u00abAerol\u00edneas con el vuelo a Roma en el primer semestre gan\u00f3 12 millones de d\u00f3lares, y de ninguna manera ning\u00fan vecino del conurbano le pag\u00f3 el pasaje a nadie\u00bb, respondi\u00f3 Massa a una declaraci\u00f3n de Rodr\u00edguez Larreta.<\/p>\n<p>Puntualmente, el titular del Palacio de Hacienda se refiri\u00f3 a una entrevista radial que brind\u00f3 Rodr\u00edguez Larreta, en la que propuso eliminar la ayuda estatal en Aerol\u00edneas Argentinas, al considerar que la empresa \u00abtiene que funcionar en equilibrio, sin subsidio\u00bb.<\/p>\n<p>Con informaci\u00f3n de T\u00e9lam.<\/p>\n","protected":false},"excerpt":{"rendered":"<p>La vicepresidenta\u00a0Cristina Fern\u00e1ndez de Kirchner\u00a0volvi\u00f3 a mostrarse este lunes junto a\u00a0Sergio Massa, el precandidato a presidente de Uni\u00f3n por la<\/p>\n","protected":false},"author":1,"featured_media":5293,"comment_status":"closed","ping_status":"closed","sticky":false,"template":"","format":"standard","meta":{"footnotes":"","jetpack_publicize_message":"","jetpack_publicize_feature_enabled":true,"jetpack_social_post_already_shared":false,"jetpack_social_options":{"image_generator_settings":{"template":"highway","enabled":false},"version":2}},"categories":[4],"tags":[],"class_list":["post-5292","post","type-post","status-publish","format-standard","has-post-thumbnail","hentry","category-nacionales"],"jetpack_publicize_connections":[],"_links":{"self":[{"href":"https:\/\/diariorepublica.com.ar\/web\/index.php\/wp-json\/wp\/v2\/posts\/5292"}],"collection":[{"href":"https:\/\/diariorepublica.com.ar\/web\/index.php\/wp-json\/wp\/v2\/posts"}],"about":[{"href":"https:\/\/diariorepublica.com.ar\/web\/index.php\/wp-json\/wp\/v2\/types\/post"}],"author":[{"embeddable":true,"href":"https:\/\/diariorepublica.com.ar\/web\/index.php\/wp-json\/wp\/v2\/users\/1"}],"replies":[{"embeddable":true,"href":"https:\/\/diariorepublica.com.ar\/web\/index.php\/wp-json\/wp\/v2\/comments?post=5292"}],"version-history":[{"count":1,"href":"https:\/\/diariorepublica.com.ar\/web\/index.php\/wp-json\/wp\/v2\/posts\/5292\/revisions"}],"predecessor-version":[{"id":5294,"href":"https:\/\/diariorepublica.com.ar\/web\/index.php\/wp-json\/wp\/v2\/posts\/5292\/revisions\/5294"}],"wp:featuredmedia":[{"embeddable":true,"href":"https:\/\/diariorepublica.com.ar\/web\/index.php\/wp-json\/wp\/v2\/media\/5293"}],"wp:attachment":[{"href":"https:\/\/diariorepublica.com.ar\/web\/index.php\/wp-json\/wp\/v2\/media?parent=5292"}],"wp:term":[{"taxonomy":"category","embeddable":true,"href":"https:\/\/diariorepublica.com.ar\/web\/index.php\/wp-json\/wp\/v2\/categories?post=5292"},{"taxonomy":"post_tag","embeddable":true,"href":"https:\/\/diariorepublica.com.ar\/web\/index.php\/wp-json\/wp\/v2\/tags?post=5292"}],"curies":[{"name":"wp","href":"https:\/\/api.w.org\/{rel}","templated":true}]}}