{"id":5324,"date":"2023-07-19T07:50:52","date_gmt":"2023-07-19T10:50:52","guid":{"rendered":"https:\/\/diariorepublica.com.ar\/web\/?p=5324"},"modified":"2023-07-19T07:50:52","modified_gmt":"2023-07-19T10:50:52","slug":"jalil-entrego-69-nuevas-viviendas-en-valle-chico","status":"publish","type":"post","link":"https:\/\/diariorepublica.com.ar\/web\/index.php\/politica\/2023\/07\/19\/jalil-entrego-69-nuevas-viviendas-en-valle-chico\/","title":{"rendered":"Jalil entreg\u00f3 69 nuevas viviendas en Valle Chico"},"content":{"rendered":"<p>El gobernador Ra\u00fal Jalil junto al ministro de Vivienda y Urbanizaci\u00f3n, Fidel S\u00e1enz, y la senadora nacional, Luc\u00eda Corpacci, hicieron entrega hoy de 69 nuevas viviendas en Valle Chico. Estas soluciones habitacionales se suman a las 91 entregadas a principios de este mes, lo que hacen un total de 160 viviendas en julio.<\/p>\n<p>Esta nueva adjudicaci\u00f3n se concreta mediante el programa \u201cCasa Propia\u201d, que el Gobierno provincial en conjunto con el Nacional gestion\u00f3 y puso en marcha para mejorar las condiciones de h\u00e1bitat y vivienda con un sentido federal para garantizar la igualdad de oportunidades en todo el territorio.<\/p>\n<p>La entrega que llev\u00f3 adelante la Provincia tiene la particularidad de haber otorgado un hogar a v\u00edctimas de Trata de Personas. Esto se da mediante el programa acceso a la vivienda a v\u00edctimas de Trata, que fue destacado en el \u00faltimo informe mundial que se hizo sobre la tem\u00e1tica, donde Argentina result\u00f3 ser el \u00fanico pa\u00eds de Latinoam\u00e9rica en tener este tipo de pol\u00edtica.<\/p>\n<p>Gustavo Vera, director del Comit\u00e9 Ejecutivo de la Lucha contra la Trata y Explotaci\u00f3n de personas, presente en la entrega de viviendas, afirm\u00f3: \u201cCatamarca est\u00e1 marcando una pol\u00edtica de vanguardia brindando un hogar a personas que fueron v\u00edctimas de trata y sufrieron violaciones aberrantes a sus derechos humanos\u201d, y cerr\u00f3: \u201cagradecemos al gobernador Jalil, al administrador del IPV Juan Orellana y a toda la Comisi\u00f3n Nacional de la Vivienda por dar respuestas a nuestros pedidos\u201d.<\/p>\n<p>El ministro Fidel Saenz expres\u00f3 que \u201ces un gusto estar nuevamente en Valle Chico entregando viviendas como lo hicimos hace unos d\u00edas atr\u00e1s. Muchos tendr\u00e1n desde hoy la sensaci\u00f3n de la casa propia, dejar\u00e1n de pagar un alquiler y disfrutar\u00e1n de su hogar propio\u201d.Seguido, remarc\u00f3 la pol\u00edtica habitacional de la actual gesti\u00f3n de gobierno sosteniendo: \u201ceste volumen de viviendas que venimos entregando y construyendo solo es posible gracias a un gobierno como el de Ra\u00fal (Jalil), como el de Alberto (Fern\u00e1ndez) y como seguramente ser\u00e1 el de Sergio Massa dentro de unos meses, porque estoy seguro que la gente no quiere volver atr\u00e1s a dirigentes y partidos pol\u00edticos que no construyen una casa\u201d.<\/p>\n<p>Las soluciones habitacionales cuentan con uno o dos dormitorios, cocina-comedor de amplias dimensiones, ba\u00f1o y lavadero, servicios de agua, luz y cloacas y conexi\u00f3n a internet, con lo que se garantiza el derecho digital y el desarrollo cotidiano en un ambiente sano y confortable.<\/p>\n<p>El Gobierno provincial tambi\u00e9n avanza en la construcci\u00f3n de viviendas en otras zonas de la Capital y el interior, con el objetivo de atender las necesidades habitacionales de toda la poblaci\u00f3n catamarque\u00f1a.Participaron de la entrega el senador nacional, Guillermo Andrada; los ministros de Desarrollo Social, Gonzalo Mascheroni; de Miner\u00eda, Marcelo Murua; la secretaria de Miner\u00eda de la Naci\u00f3n, Fernanda \u00c1vila; diputados provinciales, concejales, entre otras autoridades de gobierno.<\/p>\n","protected":false},"excerpt":{"rendered":"<p>El gobernador Ra\u00fal Jalil junto al ministro de Vivienda y Urbanizaci\u00f3n, Fidel S\u00e1enz, y la senadora nacional, Luc\u00eda Corpacci, hicieron<\/p>\n","protected":false},"author":2,"featured_media":5325,"comment_status":"closed","ping_status":"closed","sticky":false,"template":"","format":"standard","meta":{"footnotes":"","jetpack_publicize_message":"","jetpack_publicize_feature_enabled":true,"jetpack_social_post_already_shared":false,"jetpack_social_options":{"image_generator_settings":{"template":"highway","enabled":false},"version":2}},"categories":[12],"tags":[],"class_list":["post-5324","post","type-post","status-publish","format-standard","has-post-thumbnail","hentry","category-politica"],"jetpack_publicize_connections":[],"_links":{"self":[{"href":"https:\/\/diariorepublica.com.ar\/web\/index.php\/wp-json\/wp\/v2\/posts\/5324"}],"collection":[{"href":"https:\/\/diariorepublica.com.ar\/web\/index.php\/wp-json\/wp\/v2\/posts"}],"about":[{"href":"https:\/\/diariorepublica.com.ar\/web\/index.php\/wp-json\/wp\/v2\/types\/post"}],"author":[{"embeddable":true,"href":"https:\/\/diariorepublica.com.ar\/web\/index.php\/wp-json\/wp\/v2\/users\/2"}],"replies":[{"embeddable":true,"href":"https:\/\/diariorepublica.com.ar\/web\/index.php\/wp-json\/wp\/v2\/comments?post=5324"}],"version-history":[{"count":1,"href":"https:\/\/diariorepublica.com.ar\/web\/index.php\/wp-json\/wp\/v2\/posts\/5324\/revisions"}],"predecessor-version":[{"id":5326,"href":"https:\/\/diariorepublica.com.ar\/web\/index.php\/wp-json\/wp\/v2\/posts\/5324\/revisions\/5326"}],"wp:featuredmedia":[{"embeddable":true,"href":"https:\/\/diariorepublica.com.ar\/web\/index.php\/wp-json\/wp\/v2\/media\/5325"}],"wp:attachment":[{"href":"https:\/\/diariorepublica.com.ar\/web\/index.php\/wp-json\/wp\/v2\/media?parent=5324"}],"wp:term":[{"taxonomy":"category","embeddable":true,"href":"https:\/\/diariorepublica.com.ar\/web\/index.php\/wp-json\/wp\/v2\/categories?post=5324"},{"taxonomy":"post_tag","embeddable":true,"href":"https:\/\/diariorepublica.com.ar\/web\/index.php\/wp-json\/wp\/v2\/tags?post=5324"}],"curies":[{"name":"wp","href":"https:\/\/api.w.org\/{rel}","templated":true}]}}