{"id":5381,"date":"2023-07-20T07:02:58","date_gmt":"2023-07-20T10:02:58","guid":{"rendered":"https:\/\/diariorepublica.com.ar\/web\/?p=5381"},"modified":"2023-07-20T07:02:59","modified_gmt":"2023-07-20T10:02:59","slug":"murio-el-hombre-que-protagonizo-un-siniestro-vial-en-valle-viejo","status":"publish","type":"post","link":"https:\/\/diariorepublica.com.ar\/web\/index.php\/policiales\/2023\/07\/20\/murio-el-hombre-que-protagonizo-un-siniestro-vial-en-valle-viejo\/","title":{"rendered":"Muri\u00f3 el hombre que protagoniz\u00f3 un siniestro vial en Valle Viejo"},"content":{"rendered":"<p>Durante la tarde de este mi\u00e9rcoles se conoci\u00f3 el deceso de\u00a0Pedro Mauricio Nieto, el hombre de 45 a\u00f1os que protagoniz\u00f3 un grave siniestro vial a metros del monumento al Aborigen, en Valle Viejo. El siniestro ocurri\u00f3 el domingo 16 y Nieto permanec\u00eda internado en un nosocomio de la capital desde entonces.<\/p>\n<p>En la esquina de la Avenida Presidente Castillo y Pasaje Higinio Rizo, de la localidad de Villa Dolores, Departamento Valle Viejo, se registr\u00f3 el siniestro vial.<\/p>\n<p>En el lugar, un autom\u00f3vil Volkswagen Bora, dominio MPU-699, de color blanco, conducido por\u00a0Pedro\u00a0Mauricio\u00a0Nieto\u00a0(45), en compa\u00f1\u00eda de\u00a0Martina Juliana Vildoza (19),\u00a0Bianca Florencia Iramay (23)\u00a0y\u00a0Camila Rojas (23), por razones que se tratan de establecer perdi\u00f3 el control del rodado y chocaron con un cantero central que divide la avenida.<\/p>\n","protected":false},"excerpt":{"rendered":"<p>Durante la tarde de este mi\u00e9rcoles se conoci\u00f3 el deceso de\u00a0Pedro Mauricio Nieto, el hombre de 45 a\u00f1os que protagoniz\u00f3<\/p>\n","protected":false},"author":2,"featured_media":5382,"comment_status":"closed","ping_status":"closed","sticky":false,"template":"","format":"standard","meta":{"footnotes":"","jetpack_publicize_message":"","jetpack_publicize_feature_enabled":true,"jetpack_social_post_already_shared":false,"jetpack_social_options":{"image_generator_settings":{"template":"highway","enabled":false},"version":2}},"categories":[8],"tags":[],"class_list":["post-5381","post","type-post","status-publish","format-standard","has-post-thumbnail","hentry","category-policiales"],"jetpack_publicize_connections":[],"_links":{"self":[{"href":"https:\/\/diariorepublica.com.ar\/web\/index.php\/wp-json\/wp\/v2\/posts\/5381"}],"collection":[{"href":"https:\/\/diariorepublica.com.ar\/web\/index.php\/wp-json\/wp\/v2\/posts"}],"about":[{"href":"https:\/\/diariorepublica.com.ar\/web\/index.php\/wp-json\/wp\/v2\/types\/post"}],"author":[{"embeddable":true,"href":"https:\/\/diariorepublica.com.ar\/web\/index.php\/wp-json\/wp\/v2\/users\/2"}],"replies":[{"embeddable":true,"href":"https:\/\/diariorepublica.com.ar\/web\/index.php\/wp-json\/wp\/v2\/comments?post=5381"}],"version-history":[{"count":1,"href":"https:\/\/diariorepublica.com.ar\/web\/index.php\/wp-json\/wp\/v2\/posts\/5381\/revisions"}],"predecessor-version":[{"id":5383,"href":"https:\/\/diariorepublica.com.ar\/web\/index.php\/wp-json\/wp\/v2\/posts\/5381\/revisions\/5383"}],"wp:featuredmedia":[{"embeddable":true,"href":"https:\/\/diariorepublica.com.ar\/web\/index.php\/wp-json\/wp\/v2\/media\/5382"}],"wp:attachment":[{"href":"https:\/\/diariorepublica.com.ar\/web\/index.php\/wp-json\/wp\/v2\/media?parent=5381"}],"wp:term":[{"taxonomy":"category","embeddable":true,"href":"https:\/\/diariorepublica.com.ar\/web\/index.php\/wp-json\/wp\/v2\/categories?post=5381"},{"taxonomy":"post_tag","embeddable":true,"href":"https:\/\/diariorepublica.com.ar\/web\/index.php\/wp-json\/wp\/v2\/tags?post=5381"}],"curies":[{"name":"wp","href":"https:\/\/api.w.org\/{rel}","templated":true}]}}