{"id":5384,"date":"2023-07-20T07:14:56","date_gmt":"2023-07-20T10:14:56","guid":{"rendered":"https:\/\/diariorepublica.com.ar\/web\/?p=5384"},"modified":"2023-07-20T07:14:57","modified_gmt":"2023-07-20T10:14:57","slug":"jalil-es-el-responsable-de-endeudar-a-catamarca","status":"publish","type":"post","link":"https:\/\/diariorepublica.com.ar\/web\/index.php\/politica\/2023\/07\/20\/jalil-es-el-responsable-de-endeudar-a-catamarca\/","title":{"rendered":"\u00abJalil es el responsable de endeudar a Catamarca\u00bb"},"content":{"rendered":"<p>El precandidato a diputado provincial del Frente de Izquierda Unidad, Daniel Blanes (MST) respondi\u00f3 las recientes declaraciones del gobernador Ra\u00fal Jalil en Bel\u00e9n, que destac\u00f3 las regal\u00edas pagadas por las corporaciones mineras e inst\u00f3 a defenderlas: \u201cHay un precandidato que pretende que las regal\u00edas mineras vuelvan a la Capital. Yo les digo que las regal\u00edas mineras son del oeste catamarque\u00f1o y deben estar destinadas a mejorar la vida de todos los pueblos de la regi\u00f3n\u201d.<\/p>\n<p>Al respecto, Blanes expres\u00f3 su descontento con la gesti\u00f3n gubernamental y acus\u00f3 al gobernador de endeudar a la provincia, sosteniendo que este solo beneficia los intereses del negocio privado y los proyectos extractivistas: \u201cNo le da la cara, es el mismo gobernador que endeuda al pueblo de Catamarca por 10 mil millones de pesos, para afrontar las &#8216;necesidades&#8217; de un presupuesto ajustador\u201d.<\/p>\n<p>Adem\u00e1s, se\u00f1al\u00f3 que Ra\u00fal Jalil no recauda lo necesario debido a que ha puesto al Estado al servicio de las ganancias del \u201cmodelo de sometimiento, entrega y contaminaci\u00f3n\u201d, afectando negativamente a los pueblos y empobreci\u00e9ndolos a\u00fan m\u00e1s.<\/p>\n<p>Por \u00faltimo, Blanes enfatiz\u00f3 su reclamo, pidiendo que las mineras y los ricos, incluido el propio Ra\u00fal Jalil, asuman la responsabilidad de financiar las necesidades del pueblo, en lugar de cargarlo con m\u00e1s deudas.<\/p>\n<p>\u00a0<\/p>\n","protected":false},"excerpt":{"rendered":"<p>El precandidato a diputado provincial del Frente de Izquierda Unidad, Daniel Blanes (MST) respondi\u00f3 las recientes declaraciones del gobernador Ra\u00fal<\/p>\n","protected":false},"author":2,"featured_media":5385,"comment_status":"closed","ping_status":"closed","sticky":false,"template":"","format":"standard","meta":{"footnotes":"","jetpack_publicize_message":"","jetpack_publicize_feature_enabled":true,"jetpack_social_post_already_shared":false,"jetpack_social_options":{"image_generator_settings":{"template":"highway","enabled":false},"version":2}},"categories":[12],"tags":[],"class_list":["post-5384","post","type-post","status-publish","format-standard","has-post-thumbnail","hentry","category-politica"],"jetpack_publicize_connections":[],"_links":{"self":[{"href":"https:\/\/diariorepublica.com.ar\/web\/index.php\/wp-json\/wp\/v2\/posts\/5384"}],"collection":[{"href":"https:\/\/diariorepublica.com.ar\/web\/index.php\/wp-json\/wp\/v2\/posts"}],"about":[{"href":"https:\/\/diariorepublica.com.ar\/web\/index.php\/wp-json\/wp\/v2\/types\/post"}],"author":[{"embeddable":true,"href":"https:\/\/diariorepublica.com.ar\/web\/index.php\/wp-json\/wp\/v2\/users\/2"}],"replies":[{"embeddable":true,"href":"https:\/\/diariorepublica.com.ar\/web\/index.php\/wp-json\/wp\/v2\/comments?post=5384"}],"version-history":[{"count":1,"href":"https:\/\/diariorepublica.com.ar\/web\/index.php\/wp-json\/wp\/v2\/posts\/5384\/revisions"}],"predecessor-version":[{"id":5386,"href":"https:\/\/diariorepublica.com.ar\/web\/index.php\/wp-json\/wp\/v2\/posts\/5384\/revisions\/5386"}],"wp:featuredmedia":[{"embeddable":true,"href":"https:\/\/diariorepublica.com.ar\/web\/index.php\/wp-json\/wp\/v2\/media\/5385"}],"wp:attachment":[{"href":"https:\/\/diariorepublica.com.ar\/web\/index.php\/wp-json\/wp\/v2\/media?parent=5384"}],"wp:term":[{"taxonomy":"category","embeddable":true,"href":"https:\/\/diariorepublica.com.ar\/web\/index.php\/wp-json\/wp\/v2\/categories?post=5384"},{"taxonomy":"post_tag","embeddable":true,"href":"https:\/\/diariorepublica.com.ar\/web\/index.php\/wp-json\/wp\/v2\/tags?post=5384"}],"curies":[{"name":"wp","href":"https:\/\/api.w.org\/{rel}","templated":true}]}}