{"id":5387,"date":"2023-07-20T07:20:43","date_gmt":"2023-07-20T10:20:43","guid":{"rendered":"https:\/\/diariorepublica.com.ar\/web\/?p=5387"},"modified":"2023-07-20T07:20:45","modified_gmt":"2023-07-20T10:20:45","slug":"la-toma-del-credito-es-consecuencia-de-un-presupuesto-mentiroso","status":"publish","type":"post","link":"https:\/\/diariorepublica.com.ar\/web\/index.php\/politica\/2023\/07\/20\/la-toma-del-credito-es-consecuencia-de-un-presupuesto-mentiroso\/","title":{"rendered":"\u00abLa toma del cr\u00e9dito es consecuencia de un presupuesto mentiroso\u00bb"},"content":{"rendered":"<p>La diputada provincial Silvana Carrizo cruz\u00f3 al gobernador Ra\u00fal Jalil respecto de sus \u00faltimas declaraciones sobre el empr\u00e9stito que pedir\u00e1 la Provincia.<\/p>\n<p>Carrizo record\u00f3 que \u00abel a\u00f1o pasado el oficialismo impuso un debate expr\u00e9s del Presupuesto que no tuvo el acompa\u00f1amiento de la oposici\u00f3n\u00bb y que ella fue una de las legisladoras que advirti\u00f3 \u00abfalencias en pautas macroecon\u00f3micas irreales, con una proyecci\u00f3n de inflaci\u00f3n del 60% a diciembre de 2023, cuando la realidad hoy se\u00f1ala m\u00e1s del 100 % interanual\u00bb.<\/p>\n<p>\u00abDiecis\u00e9is legisladores de la C\u00e1mara de Diputados fuimos convidados de piedra en el proceso presupuestario\u00bb, remarc\u00f3 Carrizo tras sostener que \u00abse le quit\u00f3 transparencia a la gesti\u00f3n p\u00fablica\u00bb. \u00abLa misma transparencia que hace tiempo venimos reclamando y debe ser genuina para que los catamarque\u00f1os est\u00e9n informados sobre el destino que se le da a los recursos que entrega a trav\u00e9s del pago de sus impuestos y que en definitiva son de ellos\u00bb, insisti\u00f3 y se\u00f1al\u00f3 que ese tratamiento apurado \u00abno permiti\u00f3 un an\u00e1lisis exhaustivo y tampoco aportes ni correcciones a diversas inconsistencias\u00bb.<\/p>\n<p>\u00abSe equivocaron y ahora est\u00e1n a la vista los resultados\u00bb, insisti\u00f3 y consider\u00f3 que \u00abla toma del cr\u00e9dito es consecuencia del presupuesto mentiroso, con montos irrisorios, reiteraci\u00f3n de obras y diversas falencias\u00bb.<\/p>\n","protected":false},"excerpt":{"rendered":"<p>La diputada provincial Silvana Carrizo cruz\u00f3 al gobernador Ra\u00fal Jalil respecto de sus \u00faltimas declaraciones sobre el empr\u00e9stito que pedir\u00e1<\/p>\n","protected":false},"author":2,"featured_media":5388,"comment_status":"closed","ping_status":"closed","sticky":false,"template":"","format":"standard","meta":{"footnotes":"","jetpack_publicize_message":"","jetpack_publicize_feature_enabled":true,"jetpack_social_post_already_shared":false,"jetpack_social_options":{"image_generator_settings":{"template":"highway","enabled":false},"version":2}},"categories":[12],"tags":[],"class_list":["post-5387","post","type-post","status-publish","format-standard","has-post-thumbnail","hentry","category-politica"],"jetpack_publicize_connections":[],"_links":{"self":[{"href":"https:\/\/diariorepublica.com.ar\/web\/index.php\/wp-json\/wp\/v2\/posts\/5387"}],"collection":[{"href":"https:\/\/diariorepublica.com.ar\/web\/index.php\/wp-json\/wp\/v2\/posts"}],"about":[{"href":"https:\/\/diariorepublica.com.ar\/web\/index.php\/wp-json\/wp\/v2\/types\/post"}],"author":[{"embeddable":true,"href":"https:\/\/diariorepublica.com.ar\/web\/index.php\/wp-json\/wp\/v2\/users\/2"}],"replies":[{"embeddable":true,"href":"https:\/\/diariorepublica.com.ar\/web\/index.php\/wp-json\/wp\/v2\/comments?post=5387"}],"version-history":[{"count":1,"href":"https:\/\/diariorepublica.com.ar\/web\/index.php\/wp-json\/wp\/v2\/posts\/5387\/revisions"}],"predecessor-version":[{"id":5389,"href":"https:\/\/diariorepublica.com.ar\/web\/index.php\/wp-json\/wp\/v2\/posts\/5387\/revisions\/5389"}],"wp:featuredmedia":[{"embeddable":true,"href":"https:\/\/diariorepublica.com.ar\/web\/index.php\/wp-json\/wp\/v2\/media\/5388"}],"wp:attachment":[{"href":"https:\/\/diariorepublica.com.ar\/web\/index.php\/wp-json\/wp\/v2\/media?parent=5387"}],"wp:term":[{"taxonomy":"category","embeddable":true,"href":"https:\/\/diariorepublica.com.ar\/web\/index.php\/wp-json\/wp\/v2\/categories?post=5387"},{"taxonomy":"post_tag","embeddable":true,"href":"https:\/\/diariorepublica.com.ar\/web\/index.php\/wp-json\/wp\/v2\/tags?post=5387"}],"curies":[{"name":"wp","href":"https:\/\/api.w.org\/{rel}","templated":true}]}}