{"id":5391,"date":"2023-07-20T07:26:50","date_gmt":"2023-07-20T10:26:50","guid":{"rendered":"https:\/\/diariorepublica.com.ar\/web\/?p=5391"},"modified":"2023-07-20T07:26:52","modified_gmt":"2023-07-20T10:26:52","slug":"lamento-el-desconocimiento-de-la-oposicion-acerca-de-las-normas-aprobadas","status":"publish","type":"post","link":"https:\/\/diariorepublica.com.ar\/web\/index.php\/politica\/2023\/07\/20\/lamento-el-desconocimiento-de-la-oposicion-acerca-de-las-normas-aprobadas\/","title":{"rendered":"\u00abLamento el desconocimiento de la oposici\u00f3n acerca de las normas aprobadas\u00bb"},"content":{"rendered":"<p>La presidenta la Comisi\u00f3n de Hacienda de la C\u00e1mara de Diputados, Mar\u00eda Argerich (FT), en dialogo con FM REPUBLICA 103.1,\u00a0 defendi\u00f3 la decisi\u00f3n del Gobierno de tomar cr\u00e9dito y critic\u00f3 a la oposici\u00f3n por los cuestionamientos, al se\u00f1alar que el destino del dinero son obras de inversi\u00f3n p\u00fablica \u00abque est\u00e1n detallas en la ley de Presupuesto, a la que todos accedieron\u00bb. \u00abHablan desde el desconocimiento, es nefasto\u00bb, cuestion\u00f3 e insisti\u00f3 en que \u00abno se compromete el futuro de nadie\u00bb: \u00ablas finanzas est\u00e1n equilibradas\u00bb, insisti\u00f3.<\/p>\n<p>\u00abQuienes tenemos la responsabilidad de legislar sabemos que la deuda va a ser utilizada para gastos de capital en obras fundamentales para el crecimiento de nuestra provincia, ya que fue una ley que primero trabajamos en la Comisi\u00f3n de Hacienda y Finanzas y luego debatimos y aprobamos en el recinto y en consecuencia toda la oposici\u00f3n deber\u00eda conocer. Hablar tan livianamente de ilegalidad no es solo nefasto, sino que muestra justamente el desconocimiento que tienen algunos actores de la pol\u00edtica que est\u00e1n en campa\u00f1a\u00bb<\/p>\n<p>Argerich insisti\u00f3 en que los legisladores de la oposici\u00f3n \u00abparticiparon del debate en la comisi\u00f3n y en el recinto, tienen las planillas y pueden conocer las obras en las que se utilizar\u00e1 el dinero\u00bb.<\/p>\n<p>\u00abHay candidatos que dicen que esto es ilegal con un desconocimiento profundo. Son expresiones que no solo no comparto, sino que las rechazo absolutamente porque vienen de un espacio de la oposici\u00f3n que lo conforman legisladores que son parte de la C\u00e1mara. El texto del art\u00edculo N\u00ba 30 (de la ley de Presupuesto) es muy claro, las planillas anexas son muy claras y las hemos tenido todos en nuestro poder. Me parece una reacci\u00f3n totalmente montada\u00bb<\/p>\n","protected":false},"excerpt":{"rendered":"<p>La presidenta la Comisi\u00f3n de Hacienda de la C\u00e1mara de Diputados, Mar\u00eda Argerich (FT), en dialogo con FM REPUBLICA 103.1,\u00a0<\/p>\n","protected":false},"author":2,"featured_media":5392,"comment_status":"closed","ping_status":"closed","sticky":false,"template":"","format":"standard","meta":{"footnotes":"","jetpack_publicize_message":"","jetpack_publicize_feature_enabled":true,"jetpack_social_post_already_shared":false,"jetpack_social_options":{"image_generator_settings":{"template":"highway","enabled":false},"version":2}},"categories":[12],"tags":[],"class_list":["post-5391","post","type-post","status-publish","format-standard","has-post-thumbnail","hentry","category-politica"],"jetpack_publicize_connections":[],"_links":{"self":[{"href":"https:\/\/diariorepublica.com.ar\/web\/index.php\/wp-json\/wp\/v2\/posts\/5391"}],"collection":[{"href":"https:\/\/diariorepublica.com.ar\/web\/index.php\/wp-json\/wp\/v2\/posts"}],"about":[{"href":"https:\/\/diariorepublica.com.ar\/web\/index.php\/wp-json\/wp\/v2\/types\/post"}],"author":[{"embeddable":true,"href":"https:\/\/diariorepublica.com.ar\/web\/index.php\/wp-json\/wp\/v2\/users\/2"}],"replies":[{"embeddable":true,"href":"https:\/\/diariorepublica.com.ar\/web\/index.php\/wp-json\/wp\/v2\/comments?post=5391"}],"version-history":[{"count":1,"href":"https:\/\/diariorepublica.com.ar\/web\/index.php\/wp-json\/wp\/v2\/posts\/5391\/revisions"}],"predecessor-version":[{"id":5393,"href":"https:\/\/diariorepublica.com.ar\/web\/index.php\/wp-json\/wp\/v2\/posts\/5391\/revisions\/5393"}],"wp:featuredmedia":[{"embeddable":true,"href":"https:\/\/diariorepublica.com.ar\/web\/index.php\/wp-json\/wp\/v2\/media\/5392"}],"wp:attachment":[{"href":"https:\/\/diariorepublica.com.ar\/web\/index.php\/wp-json\/wp\/v2\/media?parent=5391"}],"wp:term":[{"taxonomy":"category","embeddable":true,"href":"https:\/\/diariorepublica.com.ar\/web\/index.php\/wp-json\/wp\/v2\/categories?post=5391"},{"taxonomy":"post_tag","embeddable":true,"href":"https:\/\/diariorepublica.com.ar\/web\/index.php\/wp-json\/wp\/v2\/tags?post=5391"}],"curies":[{"name":"wp","href":"https:\/\/api.w.org\/{rel}","templated":true}]}}