{"id":5394,"date":"2023-07-20T07:30:41","date_gmt":"2023-07-20T10:30:41","guid":{"rendered":"https:\/\/diariorepublica.com.ar\/web\/?p=5394"},"modified":"2023-07-20T07:30:42","modified_gmt":"2023-07-20T10:30:42","slug":"esto-es-una-estafa-mas-a-los-catamarquenos","status":"publish","type":"post","link":"https:\/\/diariorepublica.com.ar\/web\/index.php\/politica\/2023\/07\/20\/esto-es-una-estafa-mas-a-los-catamarquenos\/","title":{"rendered":"\u00abEsto es una estafa m\u00e1s a los catamarque\u00f1os\u00bb"},"content":{"rendered":"<p>El diputado nacional Rub\u00e9n Manzi (CC-ARI, Juntos por el Cambio), rechaz\u00f3 las declaraciones de la ministra de Salud respecto de la pol\u00e9mica desatada por la situaci\u00f3n del nuevo hospital de El Rodeo. \u201cHicieron un acto de campa\u00f1a con una obra que todav\u00eda no est\u00e1 abierta a la comunidad, es realmente vergonzoso y de este gobierno que ha demostrado su total incapacidad para gestionar una pol\u00edtica de salud digna para los ciudadanos\u201d<\/p>\n<p>La pol\u00e9mica se desat\u00f3 cuando el pasado fin de semana, Manzi acompa\u00f1\u00f3 al precandidato a intendente de la villa veraniega, Alexis Castro para conocer las instalaciones del nuevo edificio. A un mes de haberse realizado un acto con fuegos artificiales, con la presencia de las autoridades, con descubrimiento de placas, exhibiciones de ambulancias, y toda la pompa, el nosocomio permanece con las puertas cerradas. Tras difundir el legislador un video en las redes sociales, donde se daba cuenta de esta situaci\u00f3n, la ministra de Salud, Manuela \u00c1vila, sali\u00f3 a explicar que, en realidad, el acto del 20 de junio fue s\u00f3lo el recibimiento de la obra por parte de la empresa constructora, y que, adem\u00e1s, se detectaron fallas en la misma, por lo que, por el momento, no ser\u00e1 puesto en funcionamiento.<\/p>\n<p>\u201cLas declaraciones de la ministra son lamentables y no hacen m\u00e1s que confirmar que el gobierno estafa a los catamarque\u00f1os, porque armaron una pantomima, hicieron un acto de campa\u00f1a con la entrega de una obra que ahora resulta que no est\u00e1 terminada y que tiene detalles; e incluso dijeron que en un par de semanas el hospital iba a estar funcionando; es realmente tomarle el pelo a la gente, a los vecinos de El Rodeo\u201d, afirm\u00f3 Manzi. \u201cLo cierto es que el Hospital est\u00e1 cerrado, y los catamarque\u00f1os seguimos padeciendo uno de los peores servicios de salud p\u00fablica del pa\u00eds\u201d, afirm\u00f3. Y concluy\u00f3: \u201cLa ministra \u00c1vila, en lugar de salir a defender lo indefendible, deber\u00eda preocuparse por gestionar mejor, ya que su gesti\u00f3n es bastante pobre.<\/p>\n","protected":false},"excerpt":{"rendered":"<p>El diputado nacional Rub\u00e9n Manzi (CC-ARI, Juntos por el Cambio), rechaz\u00f3 las declaraciones de la ministra de Salud respecto de<\/p>\n","protected":false},"author":2,"featured_media":5395,"comment_status":"closed","ping_status":"closed","sticky":false,"template":"","format":"standard","meta":{"footnotes":"","jetpack_publicize_message":"","jetpack_publicize_feature_enabled":true,"jetpack_social_post_already_shared":false,"jetpack_social_options":{"image_generator_settings":{"template":"highway","enabled":false},"version":2}},"categories":[12],"tags":[],"class_list":["post-5394","post","type-post","status-publish","format-standard","has-post-thumbnail","hentry","category-politica"],"jetpack_publicize_connections":[],"_links":{"self":[{"href":"https:\/\/diariorepublica.com.ar\/web\/index.php\/wp-json\/wp\/v2\/posts\/5394"}],"collection":[{"href":"https:\/\/diariorepublica.com.ar\/web\/index.php\/wp-json\/wp\/v2\/posts"}],"about":[{"href":"https:\/\/diariorepublica.com.ar\/web\/index.php\/wp-json\/wp\/v2\/types\/post"}],"author":[{"embeddable":true,"href":"https:\/\/diariorepublica.com.ar\/web\/index.php\/wp-json\/wp\/v2\/users\/2"}],"replies":[{"embeddable":true,"href":"https:\/\/diariorepublica.com.ar\/web\/index.php\/wp-json\/wp\/v2\/comments?post=5394"}],"version-history":[{"count":1,"href":"https:\/\/diariorepublica.com.ar\/web\/index.php\/wp-json\/wp\/v2\/posts\/5394\/revisions"}],"predecessor-version":[{"id":5396,"href":"https:\/\/diariorepublica.com.ar\/web\/index.php\/wp-json\/wp\/v2\/posts\/5394\/revisions\/5396"}],"wp:featuredmedia":[{"embeddable":true,"href":"https:\/\/diariorepublica.com.ar\/web\/index.php\/wp-json\/wp\/v2\/media\/5395"}],"wp:attachment":[{"href":"https:\/\/diariorepublica.com.ar\/web\/index.php\/wp-json\/wp\/v2\/media?parent=5394"}],"wp:term":[{"taxonomy":"category","embeddable":true,"href":"https:\/\/diariorepublica.com.ar\/web\/index.php\/wp-json\/wp\/v2\/categories?post=5394"},{"taxonomy":"post_tag","embeddable":true,"href":"https:\/\/diariorepublica.com.ar\/web\/index.php\/wp-json\/wp\/v2\/tags?post=5394"}],"curies":[{"name":"wp","href":"https:\/\/api.w.org\/{rel}","templated":true}]}}