{"id":5398,"date":"2023-07-20T07:38:16","date_gmt":"2023-07-20T10:38:16","guid":{"rendered":"https:\/\/diariorepublica.com.ar\/web\/?p=5398"},"modified":"2023-07-20T07:38:17","modified_gmt":"2023-07-20T10:38:17","slug":"vacaciones-de-invierno-2023-fiambala-estalla-de-gente","status":"publish","type":"post","link":"https:\/\/diariorepublica.com.ar\/web\/index.php\/sociedad\/2023\/07\/20\/vacaciones-de-invierno-2023-fiambala-estalla-de-gente\/","title":{"rendered":"Vacaciones de Invierno 2023: Fiambal\u00e1 estalla de gente"},"content":{"rendered":"<p>Las vacaciones de invierno se viven a pleno en Catamarca, tanto en la Capital con la exitosa Fiesta del Poncho, como en el interior. La localidad de Fiambal\u00e1 estalla de gente y su intendenta Roxana Paul\u00f3n, ponder\u00f3 el trabajo que se viene realizando desde un tiempo a esta parte. Coment\u00f3 adem\u00e1s que se triplicaron los n\u00fameros de alojamiento y que quien quiera vivir en aquel para\u00edso terrenal puede apostar con seguridad al turismo, la producci\u00f3n o la miner\u00eda.<\/p>\n<p>\u201cEn Fiambal\u00e1 desde hace un tiempo venimos con temporada alta y muy alta, no existe la temporada baja. Tenemos la capacidad hotelera al 100%, hace ya un tiempo que no hay hoteler\u00eda disponible. Todos los hoteles est\u00e1n colmados, as\u00ed que bueno, nosotros felices. Se ven turistas por todos lados\u201d, expres\u00f3 la jefa comunal<\/p>\n<p>Paul\u00f3n se\u00f1al\u00f3 que el reconocido predio de Las Termas mantiene el funcionamiento con turnos porque \u201ces la manera de preservarlas\u201d y que \u201cse est\u00e1 a punto de empezar una obra con recursos provinciales\u201d para mejorar el complejo y en un puente, en este caso con fondos nacionales.<\/p>\n<p>Dijo que el lugar \u201cest\u00e1 hermoso, esta \u00e9poca es impresionante c\u00f3mo nos visitan de todos lados del pa\u00eds, tenemos turismo extranjero tambi\u00e9n\u201d y que se esmeran cada d\u00eda m\u00e1s para mejorar los servicios.<\/p>\n<p>En ese punto, Paul\u00f3n resalt\u00f3 que \u201cCatamarca ha cambiado much\u00edsimo\u201d en materia de turismo y que pese a que falta desarrollo, \u201cvamos por buen camino\u201d. \u201cHace un par de a\u00f1os la plaza hotelera de Fiambal\u00e1 era de 700 camas, y hoy tenemos m\u00e1s de 2100. En estas \u00e9pocas de temporada muy alta llegan a 2500 con las casas de familia\u201d.<\/p>\n<p>Agreg\u00f3 que hay \u201calgunos puntos d\u00e9biles, como la gastronom\u00eda\u201d, pero que piensa que se puede subsanar con el apoyo entre lo estatal y lo privado. \u201cLas decisiones pol\u00edticas son fundamentales, pero creo que tienen que ir acompa\u00f1adas de la decisi\u00f3n del privado. Sino nada vamos a poder cambiar\u201d.<\/p>\n","protected":false},"excerpt":{"rendered":"<p>Las vacaciones de invierno se viven a pleno en Catamarca, tanto en la Capital con la exitosa Fiesta del Poncho,<\/p>\n","protected":false},"author":2,"featured_media":5399,"comment_status":"closed","ping_status":"closed","sticky":false,"template":"","format":"standard","meta":{"footnotes":"","jetpack_publicize_message":"","jetpack_publicize_feature_enabled":true,"jetpack_social_post_already_shared":false,"jetpack_social_options":{"image_generator_settings":{"template":"highway","enabled":false},"version":2}},"categories":[3],"tags":[],"class_list":["post-5398","post","type-post","status-publish","format-standard","has-post-thumbnail","hentry","category-sociedad"],"jetpack_publicize_connections":[],"_links":{"self":[{"href":"https:\/\/diariorepublica.com.ar\/web\/index.php\/wp-json\/wp\/v2\/posts\/5398"}],"collection":[{"href":"https:\/\/diariorepublica.com.ar\/web\/index.php\/wp-json\/wp\/v2\/posts"}],"about":[{"href":"https:\/\/diariorepublica.com.ar\/web\/index.php\/wp-json\/wp\/v2\/types\/post"}],"author":[{"embeddable":true,"href":"https:\/\/diariorepublica.com.ar\/web\/index.php\/wp-json\/wp\/v2\/users\/2"}],"replies":[{"embeddable":true,"href":"https:\/\/diariorepublica.com.ar\/web\/index.php\/wp-json\/wp\/v2\/comments?post=5398"}],"version-history":[{"count":1,"href":"https:\/\/diariorepublica.com.ar\/web\/index.php\/wp-json\/wp\/v2\/posts\/5398\/revisions"}],"predecessor-version":[{"id":5400,"href":"https:\/\/diariorepublica.com.ar\/web\/index.php\/wp-json\/wp\/v2\/posts\/5398\/revisions\/5400"}],"wp:featuredmedia":[{"embeddable":true,"href":"https:\/\/diariorepublica.com.ar\/web\/index.php\/wp-json\/wp\/v2\/media\/5399"}],"wp:attachment":[{"href":"https:\/\/diariorepublica.com.ar\/web\/index.php\/wp-json\/wp\/v2\/media?parent=5398"}],"wp:term":[{"taxonomy":"category","embeddable":true,"href":"https:\/\/diariorepublica.com.ar\/web\/index.php\/wp-json\/wp\/v2\/categories?post=5398"},{"taxonomy":"post_tag","embeddable":true,"href":"https:\/\/diariorepublica.com.ar\/web\/index.php\/wp-json\/wp\/v2\/tags?post=5398"}],"curies":[{"name":"wp","href":"https:\/\/api.w.org\/{rel}","templated":true}]}}