{"id":5418,"date":"2023-07-21T08:57:15","date_gmt":"2023-07-21T11:57:15","guid":{"rendered":"https:\/\/diariorepublica.com.ar\/web\/?p=5418"},"modified":"2023-07-21T08:57:16","modified_gmt":"2023-07-21T11:57:16","slug":"la-gestion-jalil-esta-condicionando-al-proximo-gobierno-con-la-toma-de-este-credito","status":"publish","type":"post","link":"https:\/\/diariorepublica.com.ar\/web\/index.php\/politica\/2023\/07\/21\/la-gestion-jalil-esta-condicionando-al-proximo-gobierno-con-la-toma-de-este-credito\/","title":{"rendered":"\u201cLa gesti\u00f3n Jalil est\u00e1 condicionando al pr\u00f3ximo gobierno con la toma de este cr\u00e9dito\u201d"},"content":{"rendered":"<p>El ex ministro de Hacienda, Mamerto Acu\u00f1a, en dialogo con FM REPUBLICA 103.1, se refiri\u00f3 a la pol\u00e9mica en relaci\u00f3n a la toma de un millonario credito de parte del Gobierno Provincial y al respecto sostuvo que \u00abel Gobernador condiciona al pr\u00f3ximo gobierno tomando un cr\u00e9dito que, si bien est\u00e1 autorizado por los diputados del Frente de Todos, no &#8216;merit\u00faa&#8217; la conveniencia del mismo, ya que la tasa de inter\u00e9s al que se puede obtener financiamiento es elevada\u00bb.<\/p>\n<p>Acu\u00f1a tambi\u00e9n expres\u00f3 La caracter\u00edstica principal de este Gobierno es la falta de transparencia\u00bb<\/p>\n","protected":false},"excerpt":{"rendered":"<p>El ex ministro de Hacienda, Mamerto Acu\u00f1a, en dialogo con FM REPUBLICA 103.1, se refiri\u00f3 a la pol\u00e9mica en relaci\u00f3n<\/p>\n","protected":false},"author":2,"featured_media":5419,"comment_status":"closed","ping_status":"closed","sticky":false,"template":"","format":"standard","meta":{"footnotes":"","jetpack_publicize_message":"","jetpack_publicize_feature_enabled":true,"jetpack_social_post_already_shared":false,"jetpack_social_options":{"image_generator_settings":{"template":"highway","enabled":false},"version":2}},"categories":[12],"tags":[],"class_list":["post-5418","post","type-post","status-publish","format-standard","has-post-thumbnail","hentry","category-politica"],"jetpack_publicize_connections":[],"_links":{"self":[{"href":"https:\/\/diariorepublica.com.ar\/web\/index.php\/wp-json\/wp\/v2\/posts\/5418"}],"collection":[{"href":"https:\/\/diariorepublica.com.ar\/web\/index.php\/wp-json\/wp\/v2\/posts"}],"about":[{"href":"https:\/\/diariorepublica.com.ar\/web\/index.php\/wp-json\/wp\/v2\/types\/post"}],"author":[{"embeddable":true,"href":"https:\/\/diariorepublica.com.ar\/web\/index.php\/wp-json\/wp\/v2\/users\/2"}],"replies":[{"embeddable":true,"href":"https:\/\/diariorepublica.com.ar\/web\/index.php\/wp-json\/wp\/v2\/comments?post=5418"}],"version-history":[{"count":1,"href":"https:\/\/diariorepublica.com.ar\/web\/index.php\/wp-json\/wp\/v2\/posts\/5418\/revisions"}],"predecessor-version":[{"id":5420,"href":"https:\/\/diariorepublica.com.ar\/web\/index.php\/wp-json\/wp\/v2\/posts\/5418\/revisions\/5420"}],"wp:featuredmedia":[{"embeddable":true,"href":"https:\/\/diariorepublica.com.ar\/web\/index.php\/wp-json\/wp\/v2\/media\/5419"}],"wp:attachment":[{"href":"https:\/\/diariorepublica.com.ar\/web\/index.php\/wp-json\/wp\/v2\/media?parent=5418"}],"wp:term":[{"taxonomy":"category","embeddable":true,"href":"https:\/\/diariorepublica.com.ar\/web\/index.php\/wp-json\/wp\/v2\/categories?post=5418"},{"taxonomy":"post_tag","embeddable":true,"href":"https:\/\/diariorepublica.com.ar\/web\/index.php\/wp-json\/wp\/v2\/tags?post=5418"}],"curies":[{"name":"wp","href":"https:\/\/api.w.org\/{rel}","templated":true}]}}