{"id":5421,"date":"2023-07-21T08:58:38","date_gmt":"2023-07-21T11:58:38","guid":{"rendered":"https:\/\/diariorepublica.com.ar\/web\/?p=5421"},"modified":"2023-07-21T08:58:39","modified_gmt":"2023-07-21T11:58:39","slug":"catamarca-es-una-provincia-ordenada","status":"publish","type":"post","link":"https:\/\/diariorepublica.com.ar\/web\/index.php\/politica\/2023\/07\/21\/catamarca-es-una-provincia-ordenada\/","title":{"rendered":"\u201cCatamarca es una provincia ordenada\u201d"},"content":{"rendered":"<p>La senadora nacional del Frente de Todos y presidenta del PJ, Luc\u00eda Corpacci, defendi\u00f3 la decisi\u00f3n del Gobierno provincial de tomar cr\u00e9dito al sostener que \u201cCatamarca es una provincia realmente ordenada\u201d.<\/p>\n<p>En esa l\u00ednea, la exgobernadora explic\u00f3 que \u201ctenemos que decir que es en pesos y estrat\u00e9gicamente es importante desarrollar r\u00e1pidamente esas obras que la provincia necesita\u201d.<\/p>\n<p>Seguidamente, asegur\u00f3 que \u201del l\u00edmite es no llevar la campa\u00f1a a cuestiones personales como la denuncia y la difamaci\u00f3n personal y es un l\u00edmite que no se debe cruzar\u201d<\/p>\n<p>\u201cLa gente tiene clara conciencia de la situaci\u00f3n econ\u00f3mica pero tambi\u00e9n entiende por qu\u00e9 y est\u00e1 dispuesta a sostener y ayudar a ver si entre todos podemos seguir adelante componiendo la cuesti\u00f3n econ\u00f3mica\u201d.<\/p>\n","protected":false},"excerpt":{"rendered":"<p>La senadora nacional del Frente de Todos y presidenta del PJ, Luc\u00eda Corpacci, defendi\u00f3 la decisi\u00f3n del Gobierno provincial de<\/p>\n","protected":false},"author":2,"featured_media":5422,"comment_status":"closed","ping_status":"closed","sticky":false,"template":"","format":"standard","meta":{"footnotes":"","jetpack_publicize_message":"","jetpack_publicize_feature_enabled":true,"jetpack_social_post_already_shared":false,"jetpack_social_options":{"image_generator_settings":{"template":"highway","enabled":false},"version":2}},"categories":[12],"tags":[],"class_list":["post-5421","post","type-post","status-publish","format-standard","has-post-thumbnail","hentry","category-politica"],"jetpack_publicize_connections":[],"_links":{"self":[{"href":"https:\/\/diariorepublica.com.ar\/web\/index.php\/wp-json\/wp\/v2\/posts\/5421"}],"collection":[{"href":"https:\/\/diariorepublica.com.ar\/web\/index.php\/wp-json\/wp\/v2\/posts"}],"about":[{"href":"https:\/\/diariorepublica.com.ar\/web\/index.php\/wp-json\/wp\/v2\/types\/post"}],"author":[{"embeddable":true,"href":"https:\/\/diariorepublica.com.ar\/web\/index.php\/wp-json\/wp\/v2\/users\/2"}],"replies":[{"embeddable":true,"href":"https:\/\/diariorepublica.com.ar\/web\/index.php\/wp-json\/wp\/v2\/comments?post=5421"}],"version-history":[{"count":1,"href":"https:\/\/diariorepublica.com.ar\/web\/index.php\/wp-json\/wp\/v2\/posts\/5421\/revisions"}],"predecessor-version":[{"id":5423,"href":"https:\/\/diariorepublica.com.ar\/web\/index.php\/wp-json\/wp\/v2\/posts\/5421\/revisions\/5423"}],"wp:featuredmedia":[{"embeddable":true,"href":"https:\/\/diariorepublica.com.ar\/web\/index.php\/wp-json\/wp\/v2\/media\/5422"}],"wp:attachment":[{"href":"https:\/\/diariorepublica.com.ar\/web\/index.php\/wp-json\/wp\/v2\/media?parent=5421"}],"wp:term":[{"taxonomy":"category","embeddable":true,"href":"https:\/\/diariorepublica.com.ar\/web\/index.php\/wp-json\/wp\/v2\/categories?post=5421"},{"taxonomy":"post_tag","embeddable":true,"href":"https:\/\/diariorepublica.com.ar\/web\/index.php\/wp-json\/wp\/v2\/tags?post=5421"}],"curies":[{"name":"wp","href":"https:\/\/api.w.org\/{rel}","templated":true}]}}