{"id":5441,"date":"2023-07-21T18:11:10","date_gmt":"2023-07-21T21:11:10","guid":{"rendered":"https:\/\/diariorepublica.com.ar\/web\/?p=5441"},"modified":"2023-07-21T18:11:11","modified_gmt":"2023-07-21T21:11:11","slug":"con-el-estreno-de-dos-documentales-cierra-este-fin-de-semana-el-poncho-audiovisual","status":"publish","type":"post","link":"https:\/\/diariorepublica.com.ar\/web\/index.php\/locales\/2023\/07\/21\/con-el-estreno-de-dos-documentales-cierra-este-fin-de-semana-el-poncho-audiovisual\/","title":{"rendered":"<strong>Con el estreno de dos documentales, cierra este fin de semana el Poncho Audiovisual<\/strong>"},"content":{"rendered":"<p style=\"font-weight: 400;\">Con el estreno de dos documentales cierre este fin de semana el ciclo \u201cPoncho Audiovisual\u201d en la Fiesta Nacional e Internacional del Poncho, ciclo que cont\u00f3 con una selecta cartelera que brind\u00f3 al p\u00fablico contenidos con historias que integran nuestra identidad cultural.<\/p>\n<p style=\"font-weight: 400;\">La cartelera cerrar\u00e1 con la presentaci\u00f3n este s\u00e1bado 22 de julio, desde las 19 horas, de \u201cENTRECERROS\u201d un documental que explora la vocaci\u00f3n y el desarraigo en la comunidad Diaguita Calchaqu\u00ed, una obra que no solo logra capturar la complejidad de la vida en Amaicha del Valle, sino que tambi\u00e9n explora la importancia de la preservaci\u00f3n cultural y las ra\u00edces en tiempos de cambio y transformaci\u00f3n, en un contexto donde las oportunidades son escasas.<\/p>\n<p style=\"font-weight: 400;\">La presentaci\u00f3n contar\u00e1 con la presencia de su director Leonardo Cauteruccio y su guionista Noelia Gar\u00edn, quienes brindar\u00e1n una charla al finalizar la presentaci\u00f3n.<\/p>\n<p style=\"font-weight: 400;\">En tanto que es domingo 23 de julio, \u00faltimo d\u00eda del Poncho 2023, se presentar\u00e1 desde las 19 horas el estreno provincial del documental \u201cSUENA EL MONTE\u201d, con presencia de su director Agust\u00edn Lagos y la productora Mariel Bomczuk, quienes tambi\u00e9n brindar\u00e1n una charla finalizada la presentaci\u00f3n.<\/p>\n<p style=\"font-weight: 400;\">La historia de \u201cSUENA EL MONTE\u201d habla de un grupo de artistas que se instal\u00f3, hace m\u00e1s de 20 a\u00f1os, en una zona periurbana de Catamarca, en las afueras de la capital, donde muchos de ellos se dedican a la m\u00fasica, como los tres protagonistas de esta historia. Con diferentes procedencias y sus conflictos particulares pero unidos por el territorio y el amor a la m\u00fasica, Kari, Pichi y Amir\u00ed resumen lo que significa vivir del arte y en la naturaleza.<\/p>\n<p style=\"font-weight: 400;\">El ciclo \u201cPoncho Audiovisual\u201d cont\u00f3 con muy buena convocatoria de p\u00fablico en su segunda edici\u00f3n. \u201cEl espacio Bicentenario se afianza como espacio audiovisual en la Fiesta del Poncho y atrae las miradas de los que todav\u00eda no lo conocen. La secci\u00f3n infantil como siempre llenando sala, as\u00ed como tambi\u00e9n los paneles de animaci\u00f3n y videojuegos y el de turismo y redes sociales. Tambi\u00e9n hubo mucha participaci\u00f3n del p\u00fablico dentro de la sala en la secci\u00f3n de preguntas y respuestas con el realizador, m\u00fasico o invitado. La gente se interesa por la programaci\u00f3n y vuelve para ver el t\u00edtulo, cortometraje o documental que estamos proyectando y le llam\u00f3 la atenci\u00f3n.\u00a0 Y la muestra de videoclips M\u00fasica para los ojos atrajo un p\u00fablico interesado en la m\u00fasica y su fusi\u00f3n con lo audiovisual, que en Catamarca tiene una movida importante y hoy en d\u00eda est\u00e1 muy de moda\u201d, coment\u00f3 la coordinadora Lidia Coria.<\/p>\n<p style=\"font-weight: 400;\">Desde la Secretaria de Gesti\u00f3n Cultural, del Ministerio de Cultura, Turismo y Deporte se agradece a todos los realizadores audiovisuales, m\u00fasicos, gestores culturales, youtubers, animadores y productores que se sumaron al ciclo este a\u00f1o y enriquecieron la programaci\u00f3n con sus producciones. Adem\u00e1s, agradece la colaboraci\u00f3n del Centro Audiovisual de Rosario de Santa Fe por sumarse al ciclo con las muestras itinerantes de cine Infantil OJO AL PIOJO! y la muestra de cine latinoamericano Rosario.<\/p>\n","protected":false},"excerpt":{"rendered":"<p>Con el estreno de dos documentales cierre este fin de semana el ciclo \u201cPoncho Audiovisual\u201d en la Fiesta Nacional e<\/p>\n","protected":false},"author":1,"featured_media":5442,"comment_status":"closed","ping_status":"closed","sticky":false,"template":"","format":"standard","meta":{"footnotes":"","jetpack_publicize_message":"","jetpack_publicize_feature_enabled":true,"jetpack_social_post_already_shared":false,"jetpack_social_options":{"image_generator_settings":{"template":"highway","enabled":false},"version":2}},"categories":[2],"tags":[],"class_list":["post-5441","post","type-post","status-publish","format-standard","has-post-thumbnail","hentry","category-locales"],"jetpack_publicize_connections":[],"_links":{"self":[{"href":"https:\/\/diariorepublica.com.ar\/web\/index.php\/wp-json\/wp\/v2\/posts\/5441"}],"collection":[{"href":"https:\/\/diariorepublica.com.ar\/web\/index.php\/wp-json\/wp\/v2\/posts"}],"about":[{"href":"https:\/\/diariorepublica.com.ar\/web\/index.php\/wp-json\/wp\/v2\/types\/post"}],"author":[{"embeddable":true,"href":"https:\/\/diariorepublica.com.ar\/web\/index.php\/wp-json\/wp\/v2\/users\/1"}],"replies":[{"embeddable":true,"href":"https:\/\/diariorepublica.com.ar\/web\/index.php\/wp-json\/wp\/v2\/comments?post=5441"}],"version-history":[{"count":1,"href":"https:\/\/diariorepublica.com.ar\/web\/index.php\/wp-json\/wp\/v2\/posts\/5441\/revisions"}],"predecessor-version":[{"id":5443,"href":"https:\/\/diariorepublica.com.ar\/web\/index.php\/wp-json\/wp\/v2\/posts\/5441\/revisions\/5443"}],"wp:featuredmedia":[{"embeddable":true,"href":"https:\/\/diariorepublica.com.ar\/web\/index.php\/wp-json\/wp\/v2\/media\/5442"}],"wp:attachment":[{"href":"https:\/\/diariorepublica.com.ar\/web\/index.php\/wp-json\/wp\/v2\/media?parent=5441"}],"wp:term":[{"taxonomy":"category","embeddable":true,"href":"https:\/\/diariorepublica.com.ar\/web\/index.php\/wp-json\/wp\/v2\/categories?post=5441"},{"taxonomy":"post_tag","embeddable":true,"href":"https:\/\/diariorepublica.com.ar\/web\/index.php\/wp-json\/wp\/v2\/tags?post=5441"}],"curies":[{"name":"wp","href":"https:\/\/api.w.org\/{rel}","templated":true}]}}