{"id":556,"date":"2023-03-28T12:19:35","date_gmt":"2023-03-28T15:19:35","guid":{"rendered":"https:\/\/diariorepublica.com.ar\/web\/?p=556"},"modified":"2023-03-28T12:19:36","modified_gmt":"2023-03-28T15:19:36","slug":"luciana-peker-en-catamarca-brillo-con-su-presentacion-sobre-la-violencia-digital","status":"publish","type":"post","link":"https:\/\/diariorepublica.com.ar\/web\/index.php\/sociedad\/2023\/03\/28\/luciana-peker-en-catamarca-brillo-con-su-presentacion-sobre-la-violencia-digital\/","title":{"rendered":"Luciana Peker en Catamarca brill\u00f3 con su presentaci\u00f3n sobre la violencia digital"},"content":{"rendered":"<p>Con el objetivo de seguir brindando herramientas pr\u00e1cticas que permitan la incorporaci\u00f3n de perspectiva en g\u00e9nero y diversidad a la vida diaria y en los diferentes \u00e1mbitos donde nos desarrollamos, la periodista, escritora y capacitadora de nivel internacional, Luciana Peker, brind\u00f3 la capacitaci\u00f3n sobre \u201cViolencia Digital\u201d.<br \/>\nEl evento, organizado por la Secretar\u00eda de Mujeres, G\u00e9nero y Diversidad dependiente del Ministerio de Gobierno, Justicia y Derechos Humano de la provincia, tuvo lugar en sal\u00f3n lleno del Hotel Casino Catamarca.<\/p>\n<p>\u201cEstoy muy feliz de estar en Catamarca, agradezco la invitaci\u00f3n y hay algo que me importa mucho decir porque soy orgullosamente argentina\u201d, fueron las palabras de apertura de Peker. \u201cOrgullosamente argentina y orgullosamente latinoamericana y me importa mucho decir que los grandes cambios en el mundo, por ejemplo, el Mich\u00fa empiezan en el 2017 pero en una de las naciones empieza en el 2015. No es solamente un dato cronol\u00f3gico sino entender que la cuarta ola feminista o lo que se conoce como \u201cla liberaci\u00f3n de la palabra\u201d de estos \u00faltimos a\u00f1os nace en el Sur; y yo reivindico mucho la idea del Sur en el sentido global de la Argentina, de Am\u00e9rica Latina y lo que representa que hoy desde el Sur podamos ense\u00f1arle al Norte y ac\u00e1 en Catamarca me da y se nos da vuelta el mapa que hoy\u201d.<\/p>\n<p>\u201cEl Norte que ha sido juzgado, relegado y predeterminado en los estereotipos de las sociedades conservadoras que se tienen muchas veces desde los centros urbanos, hoy nos est\u00e1 ense\u00f1ando las mujeres de Buenos Aires c\u00f3mo generar en un momento dif\u00edcil una resistencia u organizaci\u00f3n feminista entre organizaciones aut\u00f3nomas, el estado y las mujeres de distintos lugares de la funci\u00f3n p\u00fablica y por su puesto de una transversalidad que yo defiendo como modo de subir la calidad democr\u00e1tica a las mujeres de Buenos Aires. Desde Argentina y Am\u00e9rica Latina, le ense\u00f1amos al Norte global que el Sur no solo existe sino gener\u00f3 grandes avances y hoy el Norte de Argentina nos ense\u00f1a a las del Centro y a las del Sur a seguir resistiendo. Y no porque no haya problemas, sino por el ABC de la vida, porque los problemas, por nombrarlos expl\u00edcitamente -la violencia y el abuso sexual- se los enfrenta de frente, y esta es una de las lecciones de estos d\u00edas de Catamarca, as\u00ed que en un principio gracias\u201d, expres\u00f3 la periodista.<\/p>\n<p>De igual manera, la capacitadora se refiri\u00f3 a diferentes temas de vital importancia como Ley Olimpia y Ley Bel\u00e9n contra la violencia digital; la violencia de g\u00e9nero en l\u00ednea; la violencia medi\u00e1tica; la violencia pol\u00edtica, entre otos puntos.<\/p>\n<p>Luciana Peker, es una activista popular, periodista, escritora y capacitadora con un extenso curr\u00edculo; brind\u00f3 charlas, conferencias y talleres en Argentina, Uruguay, Paraguay, Brasil, Bolivia Per\u00fa, Colombia, El Salvador, Rep\u00fablica Dominicana, M\u00e9xico, Espa\u00f1a y Francia.<\/p>\n<p>La violencia digital se caracteriza por la vulneraci\u00f3n de derechos a trav\u00e9s de los servicios digitales o telem\u00e1ticos, cuyas consecuencias pueden derivar en da\u00f1os psicol\u00f3gicos o emocionales importantes, en el \u00e1mbito de su vida privada o en su imagen propia.<\/p>\n<p>Esta propuesta es parte del avance hacia una sociedad m\u00e1s justa, equitativa, con oportunidades para todos y todas, libres y con menos violencias y es pate del cierre del mes de la lucha de las mujeres trabajadoras en el marco de \u201cNosotras Movemos Al Mundo\u201d.<\/p>\n<p>La disertaci\u00f3n cont\u00f3 con la moderaci\u00f3n de la periodista Sonia luna y estuvieron presentes la presidenta de la C\u00e1mara de Diputados, Guerrero, las diputadas provinciales Mar\u00eda Argerich, Ver\u00f3nica mercado, Natalia Ponferrada, Paola Fedeli y Adriana Diaz; la senadora provincial Andrea<br \/>\nLobos; concejalas de la capital y del interior provincial, organizaciones sociales y p\u00fablico en general.<\/p>\n","protected":false},"excerpt":{"rendered":"<p>Con el objetivo de seguir brindando herramientas pr\u00e1cticas que permitan la incorporaci\u00f3n de perspectiva en g\u00e9nero y diversidad a la<\/p>\n","protected":false},"author":2,"featured_media":557,"comment_status":"closed","ping_status":"closed","sticky":false,"template":"","format":"standard","meta":{"footnotes":"","jetpack_publicize_message":"","jetpack_publicize_feature_enabled":true,"jetpack_social_post_already_shared":false,"jetpack_social_options":{"image_generator_settings":{"template":"highway","enabled":false},"version":2}},"categories":[3],"tags":[],"class_list":["post-556","post","type-post","status-publish","format-standard","has-post-thumbnail","hentry","category-sociedad"],"jetpack_publicize_connections":[],"_links":{"self":[{"href":"https:\/\/diariorepublica.com.ar\/web\/index.php\/wp-json\/wp\/v2\/posts\/556"}],"collection":[{"href":"https:\/\/diariorepublica.com.ar\/web\/index.php\/wp-json\/wp\/v2\/posts"}],"about":[{"href":"https:\/\/diariorepublica.com.ar\/web\/index.php\/wp-json\/wp\/v2\/types\/post"}],"author":[{"embeddable":true,"href":"https:\/\/diariorepublica.com.ar\/web\/index.php\/wp-json\/wp\/v2\/users\/2"}],"replies":[{"embeddable":true,"href":"https:\/\/diariorepublica.com.ar\/web\/index.php\/wp-json\/wp\/v2\/comments?post=556"}],"version-history":[{"count":1,"href":"https:\/\/diariorepublica.com.ar\/web\/index.php\/wp-json\/wp\/v2\/posts\/556\/revisions"}],"predecessor-version":[{"id":558,"href":"https:\/\/diariorepublica.com.ar\/web\/index.php\/wp-json\/wp\/v2\/posts\/556\/revisions\/558"}],"wp:featuredmedia":[{"embeddable":true,"href":"https:\/\/diariorepublica.com.ar\/web\/index.php\/wp-json\/wp\/v2\/media\/557"}],"wp:attachment":[{"href":"https:\/\/diariorepublica.com.ar\/web\/index.php\/wp-json\/wp\/v2\/media?parent=556"}],"wp:term":[{"taxonomy":"category","embeddable":true,"href":"https:\/\/diariorepublica.com.ar\/web\/index.php\/wp-json\/wp\/v2\/categories?post=556"},{"taxonomy":"post_tag","embeddable":true,"href":"https:\/\/diariorepublica.com.ar\/web\/index.php\/wp-json\/wp\/v2\/tags?post=556"}],"curies":[{"name":"wp","href":"https:\/\/api.w.org\/{rel}","templated":true}]}}