{"id":5580,"date":"2023-07-26T08:32:00","date_gmt":"2023-07-26T11:32:00","guid":{"rendered":"https:\/\/diariorepublica.com.ar\/web\/?p=5580"},"modified":"2023-07-26T08:32:01","modified_gmt":"2023-07-26T11:32:01","slug":"paritaria-de-empleadas-domesticas-acuerdan-suba-salarial-del-36-en-tres-cuotas","status":"publish","type":"post","link":"https:\/\/diariorepublica.com.ar\/web\/index.php\/economia\/2023\/07\/26\/paritaria-de-empleadas-domesticas-acuerdan-suba-salarial-del-36-en-tres-cuotas\/","title":{"rendered":"Paritaria de empleadas dom\u00e9sticas: acuerdan suba salarial del 36% en tres cuotas"},"content":{"rendered":"<article class=\"article-body article-body--first-paragraph content-protected-false\" data-td-script-src=\"https:\/\/www.ambito.com\/td\/modulos\/encuestas\/js\/function-embeds-min-version-1660312092.js\">La<strong>\u00a0Comisi\u00f3n Nacional de\u00a0Trabajo en Casas Particulares\u00a0se reuni\u00f3 este martes y acord\u00f3 una suba salarial del 36% en tres tramos, a pagarse entre los meses de julio, agosto y septiembre, para las empleadas dom\u00e9sticas.<\/strong><\/p>\n<\/article>\n<article class=\"article-body article-body--second-paragraph content-protected-false\">El encuentro tuvo lugar en el Ministerio de Trabajo. All\u00ed se defini\u00f3 que las trabajadoras del sector percibir\u00e1n un aumento de 20% en julio y dos cuotas del 8% cada una en agosto y septiembre.<\/p>\n<\/article>\n<section class=\"related-news\"><\/section>\n<article class=\"article-body article-body--third-paragraph content-protected-false\">\n<h6>Empleadas dom\u00e9sticas: aumento salarial y extra en agosto<\/h6>\n<p>La\u00a0<strong>Ley 26.844\u00a0<\/strong>determina que la\u00a0<strong>Comisi\u00f3n Nacional de Trabajo en Casas Particulares\u00a0<\/strong>\u00abes el \u00f3rgano normativo propio de ese sector laboral y se integra por representantes de los trabajadores, de los empleadores, de los ministerios de Econom\u00eda, de Desarrollo Social y Trabajo, que ejerce su presidencia\u00bb.<\/p>\n<\/article>\n<article class=\"article-body article-body--fourth-paragraph content-protected-false\">La cartera laboral tiene a su cargo las tareas de soporte legal, t\u00e9cnico y administrativo del Consejo, que tiene entre sus tareas la funci\u00f3n de fijar las asignaciones m\u00ednimas de los<strong>\u00a0trabajadores de las casas particulares<\/strong>.<\/p>\n<p>Las\u00a0<strong>empleadas dom\u00e9sticas<\/strong>\u00a0podr\u00e1n acceder a un\u00a0<strong>nuevo extra en agosto 2023\u00a0<\/strong>por el feriado trabajado que se sumar\u00e1 a la paritaria a definirse este martes y al adicional por antig\u00fcedad.<\/p>\n<p>La suma responder\u00e1 al fin de semana largo que tendr\u00e1 lugar entre el 19 y el 21 y en conmemoraci\u00f3n por la muerte de\u00a0<strong>Jos\u00e9 de San Mart\u00edn<\/strong>.<\/p>\n<p>As\u00ed, en caso de prestar servicios el lunes, el personal de casas particulares acceder\u00e1n a un adicional, seg\u00fan el art\u00edculo 25 de la ley 26.844 de\u00a0<strong>Ley de Contrato de Trabajo (LCT).<\/strong><\/p>\n<h6>Empleadas dom\u00e9sticas: c\u00f3mo se pagan los feriados<\/h6>\n<p>Las trabajadoras de casas particulares que realicen tareas por hora o con un contrato mensual, deben cobrar un adicional. La normativa vigente remarca que el feriado se cobra el 100% de recargo, es decir que se paga doble de esa jornada.<\/p>\n<p><strong>\u00abDurante los feriados nacionales, las trabajadoras de casas particulares tienen el derecho a no trabajar y cobrar el d\u00eda, independientemente de si cumplen tareas por hora o sin retiro\u00bb<\/strong>, explica el sitio oficial.<\/p>\n<p>Otro punto a remarcar es que estas jornadas se pagan a mes vencido. De esta forma, los d\u00edas no laborables de julio se cobran en agosto, mientras que los del pr\u00f3ximo mes se abonan en septiembre.<\/p>\n<\/article>\n","protected":false},"excerpt":{"rendered":"<p>La\u00a0Comisi\u00f3n Nacional de\u00a0Trabajo en Casas Particulares\u00a0se reuni\u00f3 este martes y acord\u00f3 una suba salarial del 36% en tres tramos, a<\/p>\n","protected":false},"author":1,"featured_media":5581,"comment_status":"closed","ping_status":"closed","sticky":false,"template":"","format":"standard","meta":{"footnotes":"","jetpack_publicize_message":"","jetpack_publicize_feature_enabled":true,"jetpack_social_post_already_shared":false,"jetpack_social_options":{"image_generator_settings":{"template":"highway","enabled":false},"version":2}},"categories":[5],"tags":[],"class_list":["post-5580","post","type-post","status-publish","format-standard","has-post-thumbnail","hentry","category-economia"],"jetpack_publicize_connections":[],"_links":{"self":[{"href":"https:\/\/diariorepublica.com.ar\/web\/index.php\/wp-json\/wp\/v2\/posts\/5580"}],"collection":[{"href":"https:\/\/diariorepublica.com.ar\/web\/index.php\/wp-json\/wp\/v2\/posts"}],"about":[{"href":"https:\/\/diariorepublica.com.ar\/web\/index.php\/wp-json\/wp\/v2\/types\/post"}],"author":[{"embeddable":true,"href":"https:\/\/diariorepublica.com.ar\/web\/index.php\/wp-json\/wp\/v2\/users\/1"}],"replies":[{"embeddable":true,"href":"https:\/\/diariorepublica.com.ar\/web\/index.php\/wp-json\/wp\/v2\/comments?post=5580"}],"version-history":[{"count":1,"href":"https:\/\/diariorepublica.com.ar\/web\/index.php\/wp-json\/wp\/v2\/posts\/5580\/revisions"}],"predecessor-version":[{"id":5582,"href":"https:\/\/diariorepublica.com.ar\/web\/index.php\/wp-json\/wp\/v2\/posts\/5580\/revisions\/5582"}],"wp:featuredmedia":[{"embeddable":true,"href":"https:\/\/diariorepublica.com.ar\/web\/index.php\/wp-json\/wp\/v2\/media\/5581"}],"wp:attachment":[{"href":"https:\/\/diariorepublica.com.ar\/web\/index.php\/wp-json\/wp\/v2\/media?parent=5580"}],"wp:term":[{"taxonomy":"category","embeddable":true,"href":"https:\/\/diariorepublica.com.ar\/web\/index.php\/wp-json\/wp\/v2\/categories?post=5580"},{"taxonomy":"post_tag","embeddable":true,"href":"https:\/\/diariorepublica.com.ar\/web\/index.php\/wp-json\/wp\/v2\/tags?post=5580"}],"curies":[{"name":"wp","href":"https:\/\/api.w.org\/{rel}","templated":true}]}}