{"id":5656,"date":"2023-07-28T07:55:51","date_gmt":"2023-07-28T10:55:51","guid":{"rendered":"https:\/\/diariorepublica.com.ar\/web\/?p=5656"},"modified":"2023-07-28T07:55:54","modified_gmt":"2023-07-28T10:55:54","slug":"testeos-por-el-dia-mundial-de-las-hepatitis-virales","status":"publish","type":"post","link":"https:\/\/diariorepublica.com.ar\/web\/index.php\/sociedad\/2023\/07\/28\/testeos-por-el-dia-mundial-de-las-hepatitis-virales\/","title":{"rendered":"Testeos por el D\u00eda Mundial de las Hepatitis Virales"},"content":{"rendered":"<p>El 28 de julio, el Ministerio de Salud de la provincia adhiere al D\u00eda Mundial contra la Hepatitis. En este marco, el equipo del Centro \u00danico de Referencia, conjuntamente con el Servicio de Gastroenterolog\u00eda y Hepatolog\u00eda del Hospital San Juan Bautista, llevar\u00e1 a cabo una jornada de concientizaci\u00f3n y prevenci\u00f3n de la Hepatitis.<\/p>\n<p>Cabe mencionar que dicha jornada tendr\u00e1 lugar el d\u00eda viernes 28 en el hall central del Hospital, donde el CUR realizar\u00e1, durante toda la ma\u00f1ana, test r\u00e1pidos para detectar esta enfermedad; adem\u00e1s, se dispondr\u00e1 un stand en Plaza La Alameda, desde las 17 hasta las 20 horas, donde se har\u00e1n test y se brindar\u00e1 consejer\u00eda sobre Hepatitis.<\/p>\n<p>Al respecto, el director del CUR, Alejandro Santill\u00e1n Iturres, destac\u00f3 que \u201ces muy importante que todos nos hagamos, aunque sea una vez en la vida, un test para detectar o descartar Hepatitis\u201d, ya que el diagn\u00f3stico precoz permite realizar un tratamiento oportuno y mejorar la calidad de vida de la persona.<\/p>\n<p>La hepatitis es una enfermedad causada por virus, responsable de altos niveles de morbilidad y mortalidad en todo el mundo. Se estima que el 57 por ciento de los casos de cirrosis hep\u00e1tica y el 78 por ciento de los casos de c\u00e1ncer primario de h\u00edgado son causados por los virus de la hepatitis B y C.<\/p>\n<p>Reconociendo el importante problema de salud p\u00fablica que representa la hepatitis, en la 63\u00b0 Asamblea Mundial de la Salud celebrada en 2010 se design\u00f3 el 28 de julio como el D\u00eda Mundial contra la Hepatitis y hace un llamado mundial para una respuesta integral en la lucha contra la hepatitis. Desde entonces, la Organizaci\u00f3n Panamericana de la Salud (OPS) y la Organizaci\u00f3n Mundial de la Salud (OMS) se movilizaron para unir esfuerzos y establecer estrategias para combatir la hepatitis a nivel regional y mundial.<\/p>\n","protected":false},"excerpt":{"rendered":"<p>El 28 de julio, el Ministerio de Salud de la provincia adhiere al D\u00eda Mundial contra la Hepatitis. En este<\/p>\n","protected":false},"author":1,"featured_media":5657,"comment_status":"closed","ping_status":"closed","sticky":false,"template":"","format":"standard","meta":{"footnotes":"","jetpack_publicize_message":"","jetpack_publicize_feature_enabled":true,"jetpack_social_post_already_shared":true,"jetpack_social_options":{"image_generator_settings":{"template":"highway","enabled":false},"version":2}},"categories":[3],"tags":[],"class_list":["post-5656","post","type-post","status-publish","format-standard","has-post-thumbnail","hentry","category-sociedad"],"jetpack_publicize_connections":[],"_links":{"self":[{"href":"https:\/\/diariorepublica.com.ar\/web\/index.php\/wp-json\/wp\/v2\/posts\/5656"}],"collection":[{"href":"https:\/\/diariorepublica.com.ar\/web\/index.php\/wp-json\/wp\/v2\/posts"}],"about":[{"href":"https:\/\/diariorepublica.com.ar\/web\/index.php\/wp-json\/wp\/v2\/types\/post"}],"author":[{"embeddable":true,"href":"https:\/\/diariorepublica.com.ar\/web\/index.php\/wp-json\/wp\/v2\/users\/1"}],"replies":[{"embeddable":true,"href":"https:\/\/diariorepublica.com.ar\/web\/index.php\/wp-json\/wp\/v2\/comments?post=5656"}],"version-history":[{"count":1,"href":"https:\/\/diariorepublica.com.ar\/web\/index.php\/wp-json\/wp\/v2\/posts\/5656\/revisions"}],"predecessor-version":[{"id":5658,"href":"https:\/\/diariorepublica.com.ar\/web\/index.php\/wp-json\/wp\/v2\/posts\/5656\/revisions\/5658"}],"wp:featuredmedia":[{"embeddable":true,"href":"https:\/\/diariorepublica.com.ar\/web\/index.php\/wp-json\/wp\/v2\/media\/5657"}],"wp:attachment":[{"href":"https:\/\/diariorepublica.com.ar\/web\/index.php\/wp-json\/wp\/v2\/media?parent=5656"}],"wp:term":[{"taxonomy":"category","embeddable":true,"href":"https:\/\/diariorepublica.com.ar\/web\/index.php\/wp-json\/wp\/v2\/categories?post=5656"},{"taxonomy":"post_tag","embeddable":true,"href":"https:\/\/diariorepublica.com.ar\/web\/index.php\/wp-json\/wp\/v2\/tags?post=5656"}],"curies":[{"name":"wp","href":"https:\/\/api.w.org\/{rel}","templated":true}]}}