{"id":5659,"date":"2023-07-28T08:05:00","date_gmt":"2023-07-28T11:05:00","guid":{"rendered":"https:\/\/diariorepublica.com.ar\/web\/?p=5659"},"modified":"2023-07-28T07:56:45","modified_gmt":"2023-07-28T10:56:45","slug":"avanzan-obras-de-infraestructura-vial-en-recreo","status":"publish","type":"post","link":"https:\/\/diariorepublica.com.ar\/web\/index.php\/sociedad\/2023\/07\/28\/avanzan-obras-de-infraestructura-vial-en-recreo\/","title":{"rendered":"Avanzan obras de infraestructura vial en Recreo"},"content":{"rendered":"<p>El gobernador Ra\u00fal Jalil junto con el intendente de Recreo, Luis Polti, encabezaron el recorrido por las obras de conexi\u00f3n vial que se ejecutan en la jurisdicci\u00f3n comunal.<\/p>\n<p>La obra de asfaltado del boulevard \u201cMiguel Albarrac\u00edn\u201d, en el barrio San Mart\u00edn, brinda una soluci\u00f3n de seguridad vial en un sector que cuenta con un polo educativo importante. Adem\u00e1s, viene a completar el anillo de asfaltado de la ciudad de Recreo. En total, son cerca de 20 cuadras de asfaltado las que se van a realizar en el barrio San Mart\u00edn al finalizar la obra.<\/p>\n<p>Por su parte, la intervenci\u00f3n en Ruta Nacional N\u00b0 157 tiene 117 kil\u00f3metros y va desde el puesto de Las Salinas en el l\u00edmite con C\u00f3rdoba hasta el l\u00edmite con Santiago del Estero, en Fr\u00edas. Tiene estipulada una duraci\u00f3n de seis a\u00f1os y en los dos primeros se ejecutar\u00e1 la obra de recuperaci\u00f3n de todo el pavimento destruido, baches y fisuras. En el tramo de Recreo, el proyecto contempla 2.200 metros de pavimento de hormig\u00f3n, segmento que va desde el emplazamiento de Arcor hasta la estaci\u00f3n de servicio, que era el \u00e1rea m\u00e1s comprometida de la zona.<\/p>\n<p>En el marco de esta obra, tambi\u00e9n se avanzar\u00e1 con la rectificaci\u00f3n de la famosa \u201cCurva de la Muerte\u201d, para lo cual la semana que viene iniciar\u00e1n los trabajos sobre la base y posteriormente, el pavimento.<\/p>\n<p>Ren\u00e9 Arag\u00f3n, jefe de distrito 11 de Vialidad Nacional, expres\u00f3 que obra de la ruta 157 es muy esperada por los vecinos y vecinas del departamento y agreg\u00f3 que \u201choy debemos estar muy orgullosos de poder estar realizando una obra que va a durar seis a\u00f1os, que va a dar trabajo a toda la comunidad y va a mejorar una arteria important\u00edsima\u201d.<\/p>\n<p>Acompa\u00f1aron al gobernador la ministra de Trabajo, Ver\u00f3nica Soria; el ministro de Infraestructura y Obras Civiles, Eduardo Niederle; el ministro de Ciencia e Innovaci\u00f3n Tecnol\u00f3gica, Isauro Molina; el intendente de Tinogasta, Sebasti\u00e1n N\u00f3blega y las diputadas Paola Fedeli y Stella Nieva, entre otras\u00a0autoridades.<\/p>\n","protected":false},"excerpt":{"rendered":"<p>El gobernador Ra\u00fal Jalil junto con el intendente de Recreo, Luis Polti, encabezaron el recorrido por las obras de conexi\u00f3n<\/p>\n","protected":false},"author":1,"featured_media":5660,"comment_status":"closed","ping_status":"closed","sticky":false,"template":"","format":"standard","meta":{"footnotes":"","jetpack_publicize_message":"","jetpack_publicize_feature_enabled":true,"jetpack_social_post_already_shared":true,"jetpack_social_options":{"image_generator_settings":{"template":"highway","enabled":false},"version":2}},"categories":[3],"tags":[],"class_list":["post-5659","post","type-post","status-publish","format-standard","has-post-thumbnail","hentry","category-sociedad"],"jetpack_publicize_connections":[],"_links":{"self":[{"href":"https:\/\/diariorepublica.com.ar\/web\/index.php\/wp-json\/wp\/v2\/posts\/5659"}],"collection":[{"href":"https:\/\/diariorepublica.com.ar\/web\/index.php\/wp-json\/wp\/v2\/posts"}],"about":[{"href":"https:\/\/diariorepublica.com.ar\/web\/index.php\/wp-json\/wp\/v2\/types\/post"}],"author":[{"embeddable":true,"href":"https:\/\/diariorepublica.com.ar\/web\/index.php\/wp-json\/wp\/v2\/users\/1"}],"replies":[{"embeddable":true,"href":"https:\/\/diariorepublica.com.ar\/web\/index.php\/wp-json\/wp\/v2\/comments?post=5659"}],"version-history":[{"count":1,"href":"https:\/\/diariorepublica.com.ar\/web\/index.php\/wp-json\/wp\/v2\/posts\/5659\/revisions"}],"predecessor-version":[{"id":5661,"href":"https:\/\/diariorepublica.com.ar\/web\/index.php\/wp-json\/wp\/v2\/posts\/5659\/revisions\/5661"}],"wp:featuredmedia":[{"embeddable":true,"href":"https:\/\/diariorepublica.com.ar\/web\/index.php\/wp-json\/wp\/v2\/media\/5660"}],"wp:attachment":[{"href":"https:\/\/diariorepublica.com.ar\/web\/index.php\/wp-json\/wp\/v2\/media?parent=5659"}],"wp:term":[{"taxonomy":"category","embeddable":true,"href":"https:\/\/diariorepublica.com.ar\/web\/index.php\/wp-json\/wp\/v2\/categories?post=5659"},{"taxonomy":"post_tag","embeddable":true,"href":"https:\/\/diariorepublica.com.ar\/web\/index.php\/wp-json\/wp\/v2\/tags?post=5659"}],"curies":[{"name":"wp","href":"https:\/\/api.w.org\/{rel}","templated":true}]}}