{"id":5665,"date":"2023-07-28T07:18:00","date_gmt":"2023-07-28T10:18:00","guid":{"rendered":"https:\/\/diariorepublica.com.ar\/web\/?p=5665"},"modified":"2023-07-28T08:00:27","modified_gmt":"2023-07-28T11:00:27","slug":"el-orgullo-de-portanova-por-la-seleccion-argentina-admiro-el-amor-propio-de-estas-jugadoras","status":"publish","type":"post","link":"https:\/\/diariorepublica.com.ar\/web\/index.php\/deportes\/2023\/07\/28\/el-orgullo-de-portanova-por-la-seleccion-argentina-admiro-el-amor-propio-de-estas-jugadoras\/","title":{"rendered":"El orgullo de Portanova por la Selecci\u00f3n Argentina: \u00abAdmiro el amor propio de estas jugadoras\u00bb"},"content":{"rendered":"<p>El entrenador valor\u00f3 la reacci\u00f3n ante Sud\u00e1frica aunque se lament\u00f3 despu\u00e9s del 2-2: \u00abEstamos tristes de no haber logrado esa posibilidad de quedar en la historia\u00bb. El mi\u00e9rcoles, con Suecia, Argentina buscar\u00e1 su primera victoria en un Mundial y el pase a octavos de final.<\/p>\n<p><b><i>\u00abAdmiro el amor propio de estas jugadoras, esa lucha constante, la predisposici\u00f3n para crecer. Fue emocionante verlas buscando un resultado\u00bb<\/i>,<\/b>\u00a0destac\u00f3 Portanova y afirm\u00f3:\u00a0<i><b>\u00abNo tuvimos miedo a la derrota, siempre buscamos al arco rival\u00bb.<\/b><\/i><\/p>\n<p><i>\u00abTodo esto es aprendizaje, nos ayuda mucho. Hoy se hizo un partido muy atractivo, pero el plan inicial no era ir palo por palo. El resultado parcial nos llev\u00f3 a eso<\/i>\u00ab, reconoci\u00f3 el t\u00e9cnico y lament\u00f3 no haber podido conseguir la primera victoria para la Selecci\u00f3n en la historia de los Mundiales:\u00a0<i>\u00abEl objetivo no cambia.<b>\u00a0Estamos tristes de no haber logrado esa posibilidad de quedar en la historia.<\/b>\u00a0Sabemos que tenemos que corregir cosas\u00bb<\/i>.<\/p>\n<p>Adem\u00e1s, Portanova palpit\u00f3 el partido ante Suecia, una de las potencias, en el que Argentina tendr\u00e1 que ganar para tener chances de avanzar a octavos del final del Mundial.<\/p>\n<p><i>\u00abArmaremos el equipo para enfrentar a Suecia con la misma fe de siempre, vamos a ir con una idea y esperemos llevarla a cabo\u00bb<\/i>, manifest\u00f3 el t\u00e9cnico de la Selecci\u00f3n Argentina.<\/p>\n<p><b>Fuente y foto: tyc sports<\/b><\/p>\n","protected":false},"excerpt":{"rendered":"<p>El entrenador valor\u00f3 la reacci\u00f3n ante Sud\u00e1frica aunque se lament\u00f3 despu\u00e9s del 2-2: \u00abEstamos tristes de no haber logrado esa<\/p>\n","protected":false},"author":1,"featured_media":5666,"comment_status":"closed","ping_status":"closed","sticky":false,"template":"","format":"standard","meta":{"footnotes":"","jetpack_publicize_message":"","jetpack_publicize_feature_enabled":true,"jetpack_social_post_already_shared":true,"jetpack_social_options":{"image_generator_settings":{"template":"highway","enabled":false},"version":2}},"categories":[9],"tags":[],"class_list":["post-5665","post","type-post","status-publish","format-standard","has-post-thumbnail","hentry","category-deportes"],"jetpack_publicize_connections":[],"_links":{"self":[{"href":"https:\/\/diariorepublica.com.ar\/web\/index.php\/wp-json\/wp\/v2\/posts\/5665"}],"collection":[{"href":"https:\/\/diariorepublica.com.ar\/web\/index.php\/wp-json\/wp\/v2\/posts"}],"about":[{"href":"https:\/\/diariorepublica.com.ar\/web\/index.php\/wp-json\/wp\/v2\/types\/post"}],"author":[{"embeddable":true,"href":"https:\/\/diariorepublica.com.ar\/web\/index.php\/wp-json\/wp\/v2\/users\/1"}],"replies":[{"embeddable":true,"href":"https:\/\/diariorepublica.com.ar\/web\/index.php\/wp-json\/wp\/v2\/comments?post=5665"}],"version-history":[{"count":1,"href":"https:\/\/diariorepublica.com.ar\/web\/index.php\/wp-json\/wp\/v2\/posts\/5665\/revisions"}],"predecessor-version":[{"id":5667,"href":"https:\/\/diariorepublica.com.ar\/web\/index.php\/wp-json\/wp\/v2\/posts\/5665\/revisions\/5667"}],"wp:featuredmedia":[{"embeddable":true,"href":"https:\/\/diariorepublica.com.ar\/web\/index.php\/wp-json\/wp\/v2\/media\/5666"}],"wp:attachment":[{"href":"https:\/\/diariorepublica.com.ar\/web\/index.php\/wp-json\/wp\/v2\/media?parent=5665"}],"wp:term":[{"taxonomy":"category","embeddable":true,"href":"https:\/\/diariorepublica.com.ar\/web\/index.php\/wp-json\/wp\/v2\/categories?post=5665"},{"taxonomy":"post_tag","embeddable":true,"href":"https:\/\/diariorepublica.com.ar\/web\/index.php\/wp-json\/wp\/v2\/tags?post=5665"}],"curies":[{"name":"wp","href":"https:\/\/api.w.org\/{rel}","templated":true}]}}