{"id":5668,"date":"2023-07-28T06:40:00","date_gmt":"2023-07-28T09:40:00","guid":{"rendered":"https:\/\/diariorepublica.com.ar\/web\/?p=5668"},"modified":"2023-07-28T08:02:41","modified_gmt":"2023-07-28T11:02:41","slug":"carla-vizzotti-autorizo-visitas-a-internados-por-covid-19-cuando-estaba-prohibido","status":"publish","type":"post","link":"https:\/\/diariorepublica.com.ar\/web\/index.php\/nacionales\/2023\/07\/28\/carla-vizzotti-autorizo-visitas-a-internados-por-covid-19-cuando-estaba-prohibido\/","title":{"rendered":"Carla Vizzotti autoriz\u00f3 visitas a internados por COVID-19 cuando estaba prohibido"},"content":{"rendered":"<p>Este mi\u00e9rcoles, la ministra de Salud de la Naci\u00f3n,<strong>\u00a0Carla Vizzotti<\/strong>, encabez\u00f3 un encuentro junto a m\u00e9dicos, cient\u00edficos y miembros de la sociedad civil a fines de realizar un<strong>\u00a0balance p\u00fablico de su gesti\u00f3n<\/strong>. Tras una introducci\u00f3n de la funcionaria, los miembros del Foro de Sociedad Cient\u00edficas Argentinas, de Organizaciones de la Sociedad Civil y de Universidades tomaron la palabra.<\/p>\n<article class=\"article-body\">\n<div class=\"article-content\">\n<div class=\"news-body-paragraph\" data-twitter-link=\"\">\n<p>En ese marco,<strong>\u00a0Sylvia Brunoldi<\/strong>, titular de la Liga Argentina de Protecci\u00f3n al Diab\u00e9tico (LAPDI), expres\u00f3: \u201c<strong>Quiero agradecer a Carla, que gracias a ella pude despedir a mi esposo<\/strong>, y luego el decreto que permiti\u00f3 que las personas pudi\u00e9ramos despedir a nuestros familiares en los \u00faltimos d\u00edas. No quiero imaginar lo que hubiera sido la pandemia sin un Ministerio de Salud, con s\u00f3lo una secretar\u00eda como era\u201d.<\/p>\n<\/div>\n<\/div>\n<\/article>\n<article class=\"article-body third-p\">\n<div class=\"article-content\">\n<div class=\"news-body-paragraph\" data-twitter-link=\"\">\n<p>La mujer perdi\u00f3 a su marido, infectado de COVID-19, el\u00a0<strong data-stringify-type=\"bold\">24 de agosto de 2020<\/strong>. El hombre pas\u00f3 30 d\u00edas internado y\u00a0<strong>ella pudo visitarlo antes de que muriera, a pesar de que estaba prohibido<\/strong>.<\/p>\n<h6>Cu\u00e1ndo se anunciaron los decretos para realizar visitas a los pacientes<\/h6>\n<p>D\u00edas m\u00e1s tarde,\u00a0<strong>el 7 de septiembre<\/strong>,\u00a0<strong>se anunci\u00f3 un decreto que revirti\u00f3 ese derecho<\/strong>\u00a0y\u00a0<strong>Brunoldi<\/strong>\u00a0particip\u00f3 del reporte sobre la situaci\u00f3n del COVID-19 que realizaba a diario el Ministerio de Salud. En tanto, cont\u00f3 su experiencia y,\u00a0<strong>pidi\u00f3<\/strong>\u00a0<strong>solidaridad y colaboraci\u00f3n<\/strong>\u00a0para continuar con el Aislamiento Social Preventivo y Obligatorio (ASPO).<\/p>\n<p>Asimismo,\u00a0<strong>hab\u00eda solicitado que las autoridades y el personal de salud permitieran las visitas a pacientes contagiados en sus \u00faltimos d\u00edas.<\/strong>\u00a0Y record\u00f3 el caso de un padre que se le hab\u00eda prohibido viajar de Neuqu\u00e9n a C\u00f3rdoba para visitar a su hija, la cual\u00a0<strong>estaba enferma terminal de c\u00e1ncer y que muri\u00f3 el 21 de agosto de 2020.<\/strong><\/p>\n<p>Luego,\u00a0<strong>el 29 de agosto<\/strong>, el presidente\u00a0<strong>Alberto Fern\u00e1ndez\u00a0<\/strong>anunci\u00f3 durante una conferencia de prensa el\u00a0<strong>decreto para permitir las visitas de acompa\u00f1amiento durante las \u00faltimas horas de vida de un familiar.<\/strong><\/p>\n<\/div>\n<\/div>\n<\/article>\n","protected":false},"excerpt":{"rendered":"<p>Este mi\u00e9rcoles, la ministra de Salud de la Naci\u00f3n,\u00a0Carla Vizzotti, encabez\u00f3 un encuentro junto a m\u00e9dicos, cient\u00edficos y miembros de<\/p>\n","protected":false},"author":1,"featured_media":5669,"comment_status":"closed","ping_status":"closed","sticky":false,"template":"","format":"standard","meta":{"footnotes":"","jetpack_publicize_message":"","jetpack_publicize_feature_enabled":true,"jetpack_social_post_already_shared":true,"jetpack_social_options":{"image_generator_settings":{"template":"highway","enabled":false},"version":2}},"categories":[4],"tags":[],"class_list":["post-5668","post","type-post","status-publish","format-standard","has-post-thumbnail","hentry","category-nacionales"],"jetpack_publicize_connections":[],"_links":{"self":[{"href":"https:\/\/diariorepublica.com.ar\/web\/index.php\/wp-json\/wp\/v2\/posts\/5668"}],"collection":[{"href":"https:\/\/diariorepublica.com.ar\/web\/index.php\/wp-json\/wp\/v2\/posts"}],"about":[{"href":"https:\/\/diariorepublica.com.ar\/web\/index.php\/wp-json\/wp\/v2\/types\/post"}],"author":[{"embeddable":true,"href":"https:\/\/diariorepublica.com.ar\/web\/index.php\/wp-json\/wp\/v2\/users\/1"}],"replies":[{"embeddable":true,"href":"https:\/\/diariorepublica.com.ar\/web\/index.php\/wp-json\/wp\/v2\/comments?post=5668"}],"version-history":[{"count":1,"href":"https:\/\/diariorepublica.com.ar\/web\/index.php\/wp-json\/wp\/v2\/posts\/5668\/revisions"}],"predecessor-version":[{"id":5670,"href":"https:\/\/diariorepublica.com.ar\/web\/index.php\/wp-json\/wp\/v2\/posts\/5668\/revisions\/5670"}],"wp:featuredmedia":[{"embeddable":true,"href":"https:\/\/diariorepublica.com.ar\/web\/index.php\/wp-json\/wp\/v2\/media\/5669"}],"wp:attachment":[{"href":"https:\/\/diariorepublica.com.ar\/web\/index.php\/wp-json\/wp\/v2\/media?parent=5668"}],"wp:term":[{"taxonomy":"category","embeddable":true,"href":"https:\/\/diariorepublica.com.ar\/web\/index.php\/wp-json\/wp\/v2\/categories?post=5668"},{"taxonomy":"post_tag","embeddable":true,"href":"https:\/\/diariorepublica.com.ar\/web\/index.php\/wp-json\/wp\/v2\/tags?post=5668"}],"curies":[{"name":"wp","href":"https:\/\/api.w.org\/{rel}","templated":true}]}}