{"id":5686,"date":"2023-07-27T16:56:00","date_gmt":"2023-07-27T19:56:00","guid":{"rendered":"https:\/\/diariorepublica.com.ar\/web\/?p=5686"},"modified":"2023-07-28T09:58:49","modified_gmt":"2023-07-28T12:58:49","slug":"hugo-moya-gerente-de-ymad-confirmo-la-extension-de-la-vida-de-la-mina-por-13-anos-mas","status":"publish","type":"post","link":"https:\/\/diariorepublica.com.ar\/web\/index.php\/sociedad\/2023\/07\/27\/hugo-moya-gerente-de-ymad-confirmo-la-extension-de-la-vida-de-la-mina-por-13-anos-mas\/","title":{"rendered":"Hugo Moya, gerente de YMAD, confirmo la extensi\u00f3n de la vida de la mina por 13 a\u00f1os m\u00e1s"},"content":{"rendered":"<p>El gerente de YMAD en una entrevista radial, se refiri\u00f3 al desembolso de 900 millones de utilidades que recibi\u00f3 la provincia para ser destinados a ejecutar obras en las zonas de influencia. Adem\u00e1s, resalt\u00f3 que <strong>se ampli\u00f3 la vida de la mina.<\/strong><\/p>\n<p>El desembolso se dio a conocer en la jornada de ayer, tras una reuni\u00f3n con autoridades del Gobierno y de la empresa YMAD. <em>\u201cA Catamarca le tocan 900 millones que es fruto del trabajo de la explotaci\u00f3n de Farall\u00f3n Negro y otras actividades que desarrolla YMAD que tiene una super<\/em>fi<em>cie muy amplia\u201d, <\/em>dijo Moya.<\/p>\n<p>A su vez, apunt\u00f3 que el a\u00f1o pasado a trav\u00e9s del programa de responsabilidad social empresaria la empresa colabor\u00f3 con la provincia con un aporte para la construcci\u00f3n de un hospital. \u201cEsta vez la esta aplicaci\u00f3n de fondos ser\u00e1 para la zona de influencia de la mina, provocando el desarrollo de los pueblos\u201d<\/p>\n<p>Adem\u00e1s indic\u00f3 que se est\u00e1n haciendo mayores perforaciones en otros sectores tratando de encontrar m\u00e1s mineral que se pueda explotar logrando resultados positivos ya que se podr\u00e1 extender la vida de la mina por 13 a\u00f1os.<\/p>\n<p>Actualmente son m\u00e1s de <strong>500 los trabajadores <\/strong>que operan en la empresa, el 90% es mano de obra local y tiene proyecciones de sumar m\u00e1s mano de obra a futuro.<\/p>\n<p>Sobre el cuidado ambiental, resalt\u00f3 que la industria minera es una de las m\u00e1s reguladas en materia de conservaci\u00f3n del medioambiente, resaltando los controles que se realizan a trav\u00e9s del Ministerio de Miner\u00eda.<\/p>\n","protected":false},"excerpt":{"rendered":"<p>El gerente de YMAD en una entrevista radial, se refiri\u00f3 al desembolso de 900 millones de utilidades que recibi\u00f3 la<\/p>\n","protected":false},"author":1,"featured_media":5687,"comment_status":"closed","ping_status":"closed","sticky":false,"template":"","format":"standard","meta":{"footnotes":"","jetpack_publicize_message":"","jetpack_publicize_feature_enabled":true,"jetpack_social_post_already_shared":true,"jetpack_social_options":{"image_generator_settings":{"template":"highway","enabled":false},"version":2}},"categories":[3],"tags":[],"class_list":["post-5686","post","type-post","status-publish","format-standard","has-post-thumbnail","hentry","category-sociedad"],"jetpack_publicize_connections":[],"_links":{"self":[{"href":"https:\/\/diariorepublica.com.ar\/web\/index.php\/wp-json\/wp\/v2\/posts\/5686"}],"collection":[{"href":"https:\/\/diariorepublica.com.ar\/web\/index.php\/wp-json\/wp\/v2\/posts"}],"about":[{"href":"https:\/\/diariorepublica.com.ar\/web\/index.php\/wp-json\/wp\/v2\/types\/post"}],"author":[{"embeddable":true,"href":"https:\/\/diariorepublica.com.ar\/web\/index.php\/wp-json\/wp\/v2\/users\/1"}],"replies":[{"embeddable":true,"href":"https:\/\/diariorepublica.com.ar\/web\/index.php\/wp-json\/wp\/v2\/comments?post=5686"}],"version-history":[{"count":1,"href":"https:\/\/diariorepublica.com.ar\/web\/index.php\/wp-json\/wp\/v2\/posts\/5686\/revisions"}],"predecessor-version":[{"id":5688,"href":"https:\/\/diariorepublica.com.ar\/web\/index.php\/wp-json\/wp\/v2\/posts\/5686\/revisions\/5688"}],"wp:featuredmedia":[{"embeddable":true,"href":"https:\/\/diariorepublica.com.ar\/web\/index.php\/wp-json\/wp\/v2\/media\/5687"}],"wp:attachment":[{"href":"https:\/\/diariorepublica.com.ar\/web\/index.php\/wp-json\/wp\/v2\/media?parent=5686"}],"wp:term":[{"taxonomy":"category","embeddable":true,"href":"https:\/\/diariorepublica.com.ar\/web\/index.php\/wp-json\/wp\/v2\/categories?post=5686"},{"taxonomy":"post_tag","embeddable":true,"href":"https:\/\/diariorepublica.com.ar\/web\/index.php\/wp-json\/wp\/v2\/tags?post=5686"}],"curies":[{"name":"wp","href":"https:\/\/api.w.org\/{rel}","templated":true}]}}