{"id":574,"date":"2023-03-29T07:24:00","date_gmt":"2023-03-29T10:24:00","guid":{"rendered":"https:\/\/diariorepublica.com.ar\/web\/?p=574"},"modified":"2023-03-29T07:24:01","modified_gmt":"2023-03-29T10:24:01","slug":"estamos-ante-otra-estafa-mas-de-la-gestion-jalil","status":"publish","type":"post","link":"https:\/\/diariorepublica.com.ar\/web\/index.php\/politica\/2023\/03\/29\/estamos-ante-otra-estafa-mas-de-la-gestion-jalil\/","title":{"rendered":"\u00abEstamos ante otra estafa mas de la gesti\u00f3n Jalil\u00bb"},"content":{"rendered":"<p>El referente de Frente Amplio Catamarque\u00f1o y actual diputado provincial, Hugo \u00c1vila habl\u00f3 sobre la pol\u00e9mica por el supuesto d\u00e9ficit que tendr\u00eda CAMYEN, luego que su par radical Alfredo Marchioli quien d\u00edas atr\u00e1s afirm\u00f3 que la empresa es \u201ctotalmente deficitaria en su gesti\u00f3n minera y econ\u00f3mica\u00bb.<\/p>\n<p>El diputado consider\u00f3 que la empresa deber\u00eda tener equilibrada sus cuentas ya que recibi\u00f3 en los \u00faltimos a\u00f1os asistencia estatal por un de $ 9 millones, sin embargo para Avila el d\u00e9ficit va en crecimiento.<\/p>\n<p>\u201cDespu\u00e9s reconoce que recibieron $80 millones de un cr\u00e9dito de CAPRESCA, que son USD 205.000 al tipo de cambio actual. Estamos con un d\u00e9ficit superior a los USD 300.000 y esto es producto de CAMYEN no cumple el rol para el cual fue creada, que fue asociarla al capital privado para que la Provincia recibiera utilidades, como lo hizo por intermedio de YMAD en Alumbrera. La Provincia recibi\u00f3 en 2022 unos $1.045 millones en conceptos de aportes al fideicomiso, el equivalente a USD 6 millones. Livent tiene una capacidad de producci\u00f3n de 22.500 toneladas. El a\u00f1o pasado se cotiz\u00f3 a USD 72.000 la tonelada en el mercado internacional, y Livent la vende a ese precio. Primero la transfiere a una empresa del mismo grupo econ\u00f3mico y despu\u00e9s la vende a ese precio. Son USD 1.620 millones. Ac\u00e1 se muestra claramente la subfacturaci\u00f3n: el 2% de esa cifra, que es lo que deber\u00eda aportar al fideicomiso, son aproximadamente USD 33 millones. Estamos ante otra estafa m\u00e1s\u201d<\/p>\n","protected":false},"excerpt":{"rendered":"<p>El referente de Frente Amplio Catamarque\u00f1o y actual diputado provincial, Hugo \u00c1vila habl\u00f3 sobre la pol\u00e9mica por el supuesto d\u00e9ficit<\/p>\n","protected":false},"author":2,"featured_media":578,"comment_status":"closed","ping_status":"closed","sticky":false,"template":"","format":"standard","meta":{"footnotes":"","jetpack_publicize_message":"","jetpack_publicize_feature_enabled":true,"jetpack_social_post_already_shared":false,"jetpack_social_options":{"image_generator_settings":{"template":"highway","enabled":false},"version":2}},"categories":[12],"tags":[],"class_list":["post-574","post","type-post","status-publish","format-standard","has-post-thumbnail","hentry","category-politica"],"jetpack_publicize_connections":[],"_links":{"self":[{"href":"https:\/\/diariorepublica.com.ar\/web\/index.php\/wp-json\/wp\/v2\/posts\/574"}],"collection":[{"href":"https:\/\/diariorepublica.com.ar\/web\/index.php\/wp-json\/wp\/v2\/posts"}],"about":[{"href":"https:\/\/diariorepublica.com.ar\/web\/index.php\/wp-json\/wp\/v2\/types\/post"}],"author":[{"embeddable":true,"href":"https:\/\/diariorepublica.com.ar\/web\/index.php\/wp-json\/wp\/v2\/users\/2"}],"replies":[{"embeddable":true,"href":"https:\/\/diariorepublica.com.ar\/web\/index.php\/wp-json\/wp\/v2\/comments?post=574"}],"version-history":[{"count":1,"href":"https:\/\/diariorepublica.com.ar\/web\/index.php\/wp-json\/wp\/v2\/posts\/574\/revisions"}],"predecessor-version":[{"id":579,"href":"https:\/\/diariorepublica.com.ar\/web\/index.php\/wp-json\/wp\/v2\/posts\/574\/revisions\/579"}],"wp:featuredmedia":[{"embeddable":true,"href":"https:\/\/diariorepublica.com.ar\/web\/index.php\/wp-json\/wp\/v2\/media\/578"}],"wp:attachment":[{"href":"https:\/\/diariorepublica.com.ar\/web\/index.php\/wp-json\/wp\/v2\/media?parent=574"}],"wp:term":[{"taxonomy":"category","embeddable":true,"href":"https:\/\/diariorepublica.com.ar\/web\/index.php\/wp-json\/wp\/v2\/categories?post=574"},{"taxonomy":"post_tag","embeddable":true,"href":"https:\/\/diariorepublica.com.ar\/web\/index.php\/wp-json\/wp\/v2\/tags?post=574"}],"curies":[{"name":"wp","href":"https:\/\/api.w.org\/{rel}","templated":true}]}}