{"id":575,"date":"2023-03-29T07:23:40","date_gmt":"2023-03-29T10:23:40","guid":{"rendered":"https:\/\/diariorepublica.com.ar\/web\/?p=575"},"modified":"2023-03-29T07:23:40","modified_gmt":"2023-03-29T10:23:40","slug":"inflacion-sin-freno-aseguran-que-el-pollo-subio-mas-de-30-en-10-dias","status":"publish","type":"post","link":"https:\/\/diariorepublica.com.ar\/web\/index.php\/economia\/2023\/03\/29\/inflacion-sin-freno-aseguran-que-el-pollo-subio-mas-de-30-en-10-dias\/","title":{"rendered":"Inflaci\u00f3n sin freno: aseguran que el pollo subi\u00f3 m\u00e1s de 30% en 10 d\u00edas"},"content":{"rendered":"<p class=\"paragraph\">El\u00a0<b>pollo\u00a0<\/b>siempre fue un reemplazo de la carne vacuna cada vez que esta \u00faltima sub\u00eda. Pero, en un\u00a0<b>contexto de alta inflaci\u00f3n<\/b>\u00a0y de<b>\u00a0ola de calor\u00a0<\/b>que afect\u00f3 a varias producciones, la\u00a0<b>carne blanca<\/b>\u00a0tambi\u00e9n sufri\u00f3\u00a0<b>aumentos\u00a0<\/b>en los \u00faltimos d\u00edas y el kilo ya supera los $700 en algunas poller\u00edas.<\/p>\n<p class=\"paragraph\">Seg\u00fan una poller\u00eda del barrio de Almagro: el lunes 20 de marzo, el kilo costaba $550; esta semana, el valor se ubic\u00f3 en $680 y a partir de este mi\u00e9rcoles, el incremento m\u00e1s reciente, ya se vende en algunos comercios a $750.\u00a0<b>La suba fue, as\u00ed, del 36,3% en cuesti\u00f3n de 10 d\u00edas.<\/b><\/p>\n<p class=\"paragraph\">Las razones est\u00e1n relacionadas con la\u00a0<b>ola de calor<\/b>\u00a0at\u00edpica que se dio durante marzo. As\u00ed lo explica Roberto Domenech, titular del Centro de Empresas Procesadoras Av\u00edcolas (CEPA): \u201cEl valor de este verano, y especialmente de los \u00faltimos 30 d\u00edas, ha sido extremo. M\u00e1s all\u00e1 de los sistemas de refrigeraci\u00f3n que se pueden utilizar,\u00a0<b>se incorpora la\u00a0<\/b><b>restricci\u00f3n en la oferta<\/b><b>\u00a0<\/b>de alimento durante el d\u00eda. Eso conduce a la falta de peso y disponibilidad de \u2018pollo chico\u2019, el pollo grande sube de precio por escasez y en parte arrastra al otro\u201d.<\/p>\n<p class=\"paragraph\">En otras palabras,\u00a0<b>el pollo no engorda lo suficiente<\/b>\u00a0porque no se le da demasiado alimento para no exponerlo a un infarto por\u00a0<b>exceso de calor<\/b>. \u201cEs com\u00fan hacer esto en\u00a0<b>verano\u00a0<\/b>por per\u00edodos de dos o tres d\u00edas, no durante 25 o 30 d\u00edas como este a\u00f1o\u201d, sigue Domenech.<\/p>\n<p class=\"paragraph\">A su vez, tambi\u00e9n tiene el<b>\u00a0<\/b><b>impulso de la inflaci\u00f3n<\/b><b>\u00a0<\/b>y el crecimiento en el<b>\u00a0precio de la carne y del cerdo,\u00a0<\/b>otras de las alternativas de\u00a0<b>prote\u00ednas\u00a0<\/b>animales, detalla el especialista. \u201cHasta ahora el pollo sale de\u00a0<b>frigor\u00edfico\u00a0<\/b>en $500 el kilo con IVA incluido y se comercializa a $650, equivalente al 40% del valor del asado\u201d, concluye.<\/p>\n<p class=\"paragraph\">Contrariamente a lo que se cree,<b>\u00a0la gripe aviar a\u00fan no tuvo efecto sobre el valor del pollo<\/b>. \u201cSe sacrificaron 600.000 pollos sobre una faena mensual de 65 millones. Hasta ahora la\u00a0<b>difusi\u00f3n\u00a0<\/b>de la enfermedad es lenta y la bioseguridad parece responder\u201d, a\u00f1ade.<\/p>\n<p class=\"paragraph\">Del otro lado, las\u00a0<b>carnicer\u00edas\u00a0<\/b>aseguran que est\u00e1n poniendo un freno sobre las compras de pollo porque\u00a0\u201cse fue a las nubes\u201d, indica Alberto Williams, presidente de la Asociaci\u00f3n de Propietarios de Carnicer\u00edas de la Ciudad de Buenos Aires.\u00a0<b>El caj\u00f3n ya est\u00e1 en los $13.500<\/b>, dice, y los clientes cada vez compran menos.<\/p>\n<p class=\"paragraph\">Seg\u00fan Domenech, la\u00a0<b>situaci\u00f3n de la\u00a0<\/b><b>disparada de precios<\/b>\u00a0se puede frenar en los pr\u00f3ximos d\u00edas a medida que las aves vuelvan a su proceso de engorde \u201cnormal\u201d, una vez que se estabilicen las temperaturas ya llegado el oto\u00f1o.<\/p>\n","protected":false},"excerpt":{"rendered":"<p>El\u00a0pollo\u00a0siempre fue un reemplazo de la carne vacuna cada vez que esta \u00faltima sub\u00eda. Pero, en un\u00a0contexto de alta inflaci\u00f3n\u00a0y<\/p>\n","protected":false},"author":1,"featured_media":576,"comment_status":"closed","ping_status":"closed","sticky":false,"template":"","format":"standard","meta":{"footnotes":"","jetpack_publicize_message":"","jetpack_publicize_feature_enabled":true,"jetpack_social_post_already_shared":false,"jetpack_social_options":{"image_generator_settings":{"template":"highway","enabled":false},"version":2}},"categories":[5],"tags":[],"class_list":["post-575","post","type-post","status-publish","format-standard","has-post-thumbnail","hentry","category-economia"],"jetpack_publicize_connections":[],"_links":{"self":[{"href":"https:\/\/diariorepublica.com.ar\/web\/index.php\/wp-json\/wp\/v2\/posts\/575"}],"collection":[{"href":"https:\/\/diariorepublica.com.ar\/web\/index.php\/wp-json\/wp\/v2\/posts"}],"about":[{"href":"https:\/\/diariorepublica.com.ar\/web\/index.php\/wp-json\/wp\/v2\/types\/post"}],"author":[{"embeddable":true,"href":"https:\/\/diariorepublica.com.ar\/web\/index.php\/wp-json\/wp\/v2\/users\/1"}],"replies":[{"embeddable":true,"href":"https:\/\/diariorepublica.com.ar\/web\/index.php\/wp-json\/wp\/v2\/comments?post=575"}],"version-history":[{"count":1,"href":"https:\/\/diariorepublica.com.ar\/web\/index.php\/wp-json\/wp\/v2\/posts\/575\/revisions"}],"predecessor-version":[{"id":577,"href":"https:\/\/diariorepublica.com.ar\/web\/index.php\/wp-json\/wp\/v2\/posts\/575\/revisions\/577"}],"wp:featuredmedia":[{"embeddable":true,"href":"https:\/\/diariorepublica.com.ar\/web\/index.php\/wp-json\/wp\/v2\/media\/576"}],"wp:attachment":[{"href":"https:\/\/diariorepublica.com.ar\/web\/index.php\/wp-json\/wp\/v2\/media?parent=575"}],"wp:term":[{"taxonomy":"category","embeddable":true,"href":"https:\/\/diariorepublica.com.ar\/web\/index.php\/wp-json\/wp\/v2\/categories?post=575"},{"taxonomy":"post_tag","embeddable":true,"href":"https:\/\/diariorepublica.com.ar\/web\/index.php\/wp-json\/wp\/v2\/tags?post=575"}],"curies":[{"name":"wp","href":"https:\/\/api.w.org\/{rel}","templated":true}]}}