{"id":5767,"date":"2023-07-31T09:48:00","date_gmt":"2023-07-31T12:48:00","guid":{"rendered":"https:\/\/diariorepublica.com.ar\/web\/?p=5767"},"modified":"2023-07-31T07:50:52","modified_gmt":"2023-07-31T10:50:52","slug":"luis-miguel-agoto-las-entradas-y-sumara-mas-fechas-en-argentina-para-su-gira-mundial","status":"publish","type":"post","link":"https:\/\/diariorepublica.com.ar\/web\/index.php\/espectaculos\/2023\/07\/31\/luis-miguel-agoto-las-entradas-y-sumara-mas-fechas-en-argentina-para-su-gira-mundial\/","title":{"rendered":"Luis Miguel agot\u00f3 las entradas y sumar\u00e1 m\u00e1s fechas en Argentina para su gira mundial"},"content":{"rendered":"<p>La gira mundial de\u00a0<strong>Luis Miguel<\/strong>\u00a0por\u00a0<strong>Argentina<\/strong>\u00a0gener\u00f3 gran expectativa. En refencia a ello, su m\u00e1nager,\u00a0<strong>Marcelo Figoli<\/strong>, habl\u00f3 acerca de la llegada del cantante al pa\u00eds y, adem\u00e1s, revel\u00f3 una\u00a0<strong>impactante informaci\u00f3n<\/strong>\u00a0que sorprender\u00e1 a todos sus fan\u00e1ticos.<\/p>\n<p>\u00abLuis Miguel llegar\u00e1 48 horas antes de su primer show, no s\u00e9 si viene\u00a0Paloma Cuevas\u00a0(su actual pareja).\u00a0<strong>Est\u00e1 con su equipo en Los \u00c1ngeles preparando todo<\/strong>\u00ab, comenz\u00f3 detallando Figoli, sobre la gira mundial del &#8216;Rey Sol&#8217;.<\/p>\n<p>Y precis\u00f3 sobre su comienzo en territorio argentino: \u00abEste es un tour muy grande, vamos a recorrer muchos pa\u00edses.\u00a0<strong>Vamos a empezar en Argentina, pero en unos d\u00edas vamos a mostrar toda la pata del calendario 2024<\/strong>\u00ab.<\/p>\n<h6>Argentina, la elegida<\/h6>\n<p>En sinton\u00eda, el representante del artista confes\u00f3 por qu\u00e9 eligi\u00f3 Argentina como primer destino: \u00abComo responsable del tour mundial estoy muy ansioso,\u00a0<strong>haber elegido Buenos Aires como primer destino es muy importante<\/strong>\u00ab.<\/p>\n<p>\u00abLa carrera est\u00e1 en un momento extraordinario, est\u00e1 produciendo m\u00fasica.\u00a0<strong>El p\u00fablico sabe que es el artista de habla hispana m\u00e1s importante que existe<\/strong>\u00ab, asegur\u00f3 Figoli respecto al gran momento art\u00edstico que atravesando\u00a0Luis Miguel.<\/p>\n<p>Y continu\u00f3 brindando m\u00e1s detalles sobre sus shows: \u00abSeguramente, Argentina formar\u00e1 parte de la posici\u00f3n del tour 2024,\u00a0<strong>las diez funciones en el Movistar Arena no alcanzaron<\/strong>. Dentro de unos d\u00edas se sabr\u00e1n m\u00e1s noticias\u00bb.<\/p>\n<p>Por \u00faltimo, Figoli remarc\u00f3 que \u00ablos conciertos tienen una energ\u00eda general todos los d\u00edas, hay formas distintas de encarar los repertorios.\u00a0<strong>Tenemos previsto que sea mucha m\u00fasica, los fans quedar\u00e1n muy satisfechos<\/strong>. Es un tour grande, Estados Unidos y M\u00e9xico, falta Europa y Latinoam\u00e9rica\u00bb.<\/p>\n","protected":false},"excerpt":{"rendered":"<p>La gira mundial de\u00a0Luis Miguel\u00a0por\u00a0Argentina\u00a0gener\u00f3 gran expectativa. En refencia a ello, su m\u00e1nager,\u00a0Marcelo Figoli, habl\u00f3 acerca de la llegada del<\/p>\n","protected":false},"author":1,"featured_media":5768,"comment_status":"closed","ping_status":"closed","sticky":false,"template":"","format":"standard","meta":{"footnotes":"","jetpack_publicize_message":"","jetpack_publicize_feature_enabled":true,"jetpack_social_post_already_shared":true,"jetpack_social_options":{"image_generator_settings":{"template":"highway","enabled":false},"version":2}},"categories":[7],"tags":[],"class_list":["post-5767","post","type-post","status-publish","format-standard","has-post-thumbnail","hentry","category-espectaculos"],"jetpack_publicize_connections":[],"_links":{"self":[{"href":"https:\/\/diariorepublica.com.ar\/web\/index.php\/wp-json\/wp\/v2\/posts\/5767"}],"collection":[{"href":"https:\/\/diariorepublica.com.ar\/web\/index.php\/wp-json\/wp\/v2\/posts"}],"about":[{"href":"https:\/\/diariorepublica.com.ar\/web\/index.php\/wp-json\/wp\/v2\/types\/post"}],"author":[{"embeddable":true,"href":"https:\/\/diariorepublica.com.ar\/web\/index.php\/wp-json\/wp\/v2\/users\/1"}],"replies":[{"embeddable":true,"href":"https:\/\/diariorepublica.com.ar\/web\/index.php\/wp-json\/wp\/v2\/comments?post=5767"}],"version-history":[{"count":1,"href":"https:\/\/diariorepublica.com.ar\/web\/index.php\/wp-json\/wp\/v2\/posts\/5767\/revisions"}],"predecessor-version":[{"id":5769,"href":"https:\/\/diariorepublica.com.ar\/web\/index.php\/wp-json\/wp\/v2\/posts\/5767\/revisions\/5769"}],"wp:featuredmedia":[{"embeddable":true,"href":"https:\/\/diariorepublica.com.ar\/web\/index.php\/wp-json\/wp\/v2\/media\/5768"}],"wp:attachment":[{"href":"https:\/\/diariorepublica.com.ar\/web\/index.php\/wp-json\/wp\/v2\/media?parent=5767"}],"wp:term":[{"taxonomy":"category","embeddable":true,"href":"https:\/\/diariorepublica.com.ar\/web\/index.php\/wp-json\/wp\/v2\/categories?post=5767"},{"taxonomy":"post_tag","embeddable":true,"href":"https:\/\/diariorepublica.com.ar\/web\/index.php\/wp-json\/wp\/v2\/tags?post=5767"}],"curies":[{"name":"wp","href":"https:\/\/api.w.org\/{rel}","templated":true}]}}