{"id":5809,"date":"2023-08-01T08:35:14","date_gmt":"2023-08-01T11:35:14","guid":{"rendered":"https:\/\/diariorepublica.com.ar\/web\/?p=5809"},"modified":"2023-08-01T08:35:16","modified_gmt":"2023-08-01T11:35:16","slug":"dialisis-en-crisis","status":"publish","type":"post","link":"https:\/\/diariorepublica.com.ar\/web\/index.php\/sociedad\/2023\/08\/01\/dialisis-en-crisis\/","title":{"rendered":"Di\u00e1lisis en crisis"},"content":{"rendered":"<p>La Confederaci\u00f3n de Asociaciones de Di\u00e1lisis de la Rep\u00fablica Argentina (Cadra) public\u00f3 a finales de la semana un fuerte comunicado en el que denunciaba que los pacientes que reciben este tipo de tratamiento podr\u00edan estar en riesgo ante la falta de insumos m\u00e9dicos esenciales. En el caso de nuestra provincia, el impacto no solo que ya comenz\u00f3 a hacerse sentir hace seis meses, sino que adem\u00e1s existe el riesgo que los servicios sea vean resentidos.<\/p>\n<p>El nefr\u00f3logo Gregorio Vill\u00e1fa\u00f1ez, alert\u00f3 por el nivel de deuda que mantiene la Provincia y las derivaciones directas en los pacientes. El profesional, en cuanto a los insumos, se mostr\u00f3 preocupado, acotando que este inconveniente producido por la devacle econ\u00f3mica, hace seis meses que se hace sentir. por el inconveniente que podr\u00edan padecer otras instituciones de la provincia (y del pa\u00eds) si no se abre paso a las importaciones.<\/p>\n<p>La otra preocupaci\u00f3n a corto plazo es la resoluci\u00f3n de las deudas que la Provincia mantiene con los centros de di\u00e1lisis. El caso puntual es el del PROFE, del que se hizo cargo hace tiempo la salud p\u00fablica de la provincia, y por medio de esto los pacientes que no pueden ser atendidos en el Hospital \u201cSan Juan\u201d, pasan a dializarse en centros privados. El pago por esto lleva una demora de hasta siete meses, lo que hace insostenible la econom\u00eda de los mismos, m\u00e1xime en el marco de realidad que se atraviesa.<\/p>\n<p>En funci\u00f3n de esto, Villafa\u00f1ez adelant\u00f3 \u00abque, como primera medida, ya no estamos ingresando pacientes de este programa y lo otro es que, si hasta el 10 de agosto no nos abonan, habr\u00e1 corte de servicio y la devoluci\u00f3n de los pacientes, lo cual va a ser muy traum\u00e1tico\u201d.<\/p>\n","protected":false},"excerpt":{"rendered":"<p>La Confederaci\u00f3n de Asociaciones de Di\u00e1lisis de la Rep\u00fablica Argentina (Cadra) public\u00f3 a finales de la semana un fuerte comunicado<\/p>\n","protected":false},"author":2,"featured_media":5813,"comment_status":"closed","ping_status":"closed","sticky":false,"template":"","format":"standard","meta":{"footnotes":"","jetpack_publicize_message":"","jetpack_publicize_feature_enabled":true,"jetpack_social_post_already_shared":true,"jetpack_social_options":{"image_generator_settings":{"template":"highway","enabled":false},"version":2}},"categories":[3],"tags":[],"class_list":["post-5809","post","type-post","status-publish","format-standard","has-post-thumbnail","hentry","category-sociedad"],"jetpack_publicize_connections":[],"_links":{"self":[{"href":"https:\/\/diariorepublica.com.ar\/web\/index.php\/wp-json\/wp\/v2\/posts\/5809"}],"collection":[{"href":"https:\/\/diariorepublica.com.ar\/web\/index.php\/wp-json\/wp\/v2\/posts"}],"about":[{"href":"https:\/\/diariorepublica.com.ar\/web\/index.php\/wp-json\/wp\/v2\/types\/post"}],"author":[{"embeddable":true,"href":"https:\/\/diariorepublica.com.ar\/web\/index.php\/wp-json\/wp\/v2\/users\/2"}],"replies":[{"embeddable":true,"href":"https:\/\/diariorepublica.com.ar\/web\/index.php\/wp-json\/wp\/v2\/comments?post=5809"}],"version-history":[{"count":1,"href":"https:\/\/diariorepublica.com.ar\/web\/index.php\/wp-json\/wp\/v2\/posts\/5809\/revisions"}],"predecessor-version":[{"id":5814,"href":"https:\/\/diariorepublica.com.ar\/web\/index.php\/wp-json\/wp\/v2\/posts\/5809\/revisions\/5814"}],"wp:featuredmedia":[{"embeddable":true,"href":"https:\/\/diariorepublica.com.ar\/web\/index.php\/wp-json\/wp\/v2\/media\/5813"}],"wp:attachment":[{"href":"https:\/\/diariorepublica.com.ar\/web\/index.php\/wp-json\/wp\/v2\/media?parent=5809"}],"wp:term":[{"taxonomy":"category","embeddable":true,"href":"https:\/\/diariorepublica.com.ar\/web\/index.php\/wp-json\/wp\/v2\/categories?post=5809"},{"taxonomy":"post_tag","embeddable":true,"href":"https:\/\/diariorepublica.com.ar\/web\/index.php\/wp-json\/wp\/v2\/tags?post=5809"}],"curies":[{"name":"wp","href":"https:\/\/api.w.org\/{rel}","templated":true}]}}