{"id":5810,"date":"2023-08-01T08:33:24","date_gmt":"2023-08-01T11:33:24","guid":{"rendered":"https:\/\/diariorepublica.com.ar\/web\/?p=5810"},"modified":"2023-08-01T08:33:26","modified_gmt":"2023-08-01T11:33:26","slug":"la-formacion-de-river-vs-internacional-por-la-copa-libertadores","status":"publish","type":"post","link":"https:\/\/diariorepublica.com.ar\/web\/index.php\/deportes\/2023\/08\/01\/la-formacion-de-river-vs-internacional-por-la-copa-libertadores\/","title":{"rendered":"La formaci\u00f3n de River vs. Internacional, por la Copa Libertadores"},"content":{"rendered":"<p>Este martes, desde las 21, el conjunto de Mart\u00edn Demichelis\u00a0<b>se mide con el Internacional de un conocido de la casa, Eduardo Coudet<\/b>, en el marco de la<b>\u00a0ida de los octavos de final de la Copa Libertadores.<\/b><\/p>\n<p>Para este primer cruce,<b>\u00a0Mart\u00edn Demichelis solo presenta una duda en el equipo que saltar\u00e1 a la cancha.<\/b><\/p>\n<p>Despu\u00e9s de una serie de grandes partidos al hilo de<b>\u00a0Santiago Solari,<\/b>\u00a0aportando goles y asistencias, la inc\u00f3gnita con respecto al once para justamente por si el punta\u00a0<b>se mantendr\u00e1 como titular en relaci\u00f3n a los que vencieron a Racing el \u00faltimo viernes o si Ignacio Fern\u00e1ndez recuperar\u00e1 su lugar.<\/b><\/p>\n<p>Si bien Nacho es una pieza fija para Demichelis, el elevado nivel que viene exhibiendo el ex-Colo Colo y el buen funcionamiento que tuvo el equipo con \u00e9l genera la duda. En el caso de que siga Solari, River mantendr\u00e1 el esquema de 4-4-2, mientras que si ingresa el zurdo volver\u00e1 a una suerte de 4-2-3-1 con Beltr\u00e1n como \u00fanica referencia de \u00e1rea.<\/p>\n<p>Con respecto al resto de la formaci\u00f3n, los protagonistas ser\u00edan los mismo que superaron a La Academia hace tan solo cuatro d\u00edas atr\u00e1s; claro, siempre y cuando ninguno presenta alg\u00fan inconveniente f\u00edsico en la previa del cruce de octavos de final de la Libertadores.<\/p>\n<h6>La probable formaci\u00f3n de River vs. Internacional, por la Copa Libertadores<\/h6>\n<p>Franco Armani; Milton Casco, Leandro Gonz\u00e1lez Pirez, Paulo D\u00edaz, Enzo D\u00edaz; Enzo P\u00e9rez, Rodrigo Aliendro; Nicol\u00e1s De la Cruz, Nacho Fern\u00e1ndez o Pablo Solari, Esequiel Barco; y Lucas Beltr\u00e1n.<\/p>\n<ul>\n<li><u>Hora<\/u>: 21.<\/li>\n<li><u>TV<\/u>: ESPN y Fox Sports.<\/li>\n<li><u>Estadio<\/u>: Monumental.<\/li>\n<li><u>\u00c1rbitro<\/u>: Jes\u00fas Valenzuela (VEN).<\/li>\n<\/ul>\n<p>Fuente : tycsports.com<\/p>\n","protected":false},"excerpt":{"rendered":"<p>Este martes, desde las 21, el conjunto de Mart\u00edn Demichelis\u00a0se mide con el Internacional de un conocido de la casa,<\/p>\n","protected":false},"author":1,"featured_media":5811,"comment_status":"closed","ping_status":"closed","sticky":false,"template":"","format":"standard","meta":{"footnotes":"","jetpack_publicize_message":"","jetpack_publicize_feature_enabled":true,"jetpack_social_post_already_shared":true,"jetpack_social_options":{"image_generator_settings":{"template":"highway","enabled":false},"version":2}},"categories":[9],"tags":[],"class_list":["post-5810","post","type-post","status-publish","format-standard","has-post-thumbnail","hentry","category-deportes"],"jetpack_publicize_connections":[],"_links":{"self":[{"href":"https:\/\/diariorepublica.com.ar\/web\/index.php\/wp-json\/wp\/v2\/posts\/5810"}],"collection":[{"href":"https:\/\/diariorepublica.com.ar\/web\/index.php\/wp-json\/wp\/v2\/posts"}],"about":[{"href":"https:\/\/diariorepublica.com.ar\/web\/index.php\/wp-json\/wp\/v2\/types\/post"}],"author":[{"embeddable":true,"href":"https:\/\/diariorepublica.com.ar\/web\/index.php\/wp-json\/wp\/v2\/users\/1"}],"replies":[{"embeddable":true,"href":"https:\/\/diariorepublica.com.ar\/web\/index.php\/wp-json\/wp\/v2\/comments?post=5810"}],"version-history":[{"count":1,"href":"https:\/\/diariorepublica.com.ar\/web\/index.php\/wp-json\/wp\/v2\/posts\/5810\/revisions"}],"predecessor-version":[{"id":5812,"href":"https:\/\/diariorepublica.com.ar\/web\/index.php\/wp-json\/wp\/v2\/posts\/5810\/revisions\/5812"}],"wp:featuredmedia":[{"embeddable":true,"href":"https:\/\/diariorepublica.com.ar\/web\/index.php\/wp-json\/wp\/v2\/media\/5811"}],"wp:attachment":[{"href":"https:\/\/diariorepublica.com.ar\/web\/index.php\/wp-json\/wp\/v2\/media?parent=5810"}],"wp:term":[{"taxonomy":"category","embeddable":true,"href":"https:\/\/diariorepublica.com.ar\/web\/index.php\/wp-json\/wp\/v2\/categories?post=5810"},{"taxonomy":"post_tag","embeddable":true,"href":"https:\/\/diariorepublica.com.ar\/web\/index.php\/wp-json\/wp\/v2\/tags?post=5810"}],"curies":[{"name":"wp","href":"https:\/\/api.w.org\/{rel}","templated":true}]}}