{"id":5840,"date":"2023-08-02T01:05:00","date_gmt":"2023-08-02T04:05:00","guid":{"rendered":"https:\/\/diariorepublica.com.ar\/web\/?p=5840"},"modified":"2023-08-02T08:06:26","modified_gmt":"2023-08-02T11:06:26","slug":"river-lo-dio-vuelta-con-un-iluminado-solari-y-se-quedo-con-la-ida-ante-inter","status":"publish","type":"post","link":"https:\/\/diariorepublica.com.ar\/web\/index.php\/deportes\/2023\/08\/02\/river-lo-dio-vuelta-con-un-iluminado-solari-y-se-quedo-con-la-ida-ante-inter\/","title":{"rendered":"River lo dio vuelta con un iluminado Solari y se qued\u00f3 con la ida ante Inter"},"content":{"rendered":"<article id=\"article-post\" class=\"first\">\n<div class=\"cuerpo\" data-twitter-link=\"https:\/\/twitter.com\/intent\/tweet?url=https:\/\/www.diariopopular.com.ar\/c732053&amp;via=poopulardiario&amp;related=Popular&amp;text=\">\n<p><strong>River Plate venci\u00f3 2-1 a Internacional de Porto Alegre en el estadio M\u00e1s Monumental, por la ida de los octavos de final de la Copa Libertadores<\/strong>: Pablo Solari por duplicado convirti\u00f3 para el Millonario, mientras que Enner Valencia hab\u00eda aventajado al\u00a0<em>Colorado<\/em>.<\/p>\n<\/div>\n<\/article>\n<article id=\"article-post\">\n<div class=\"cuerpo\" data-twitter-link=\"https:\/\/twitter.com\/intent\/tweet?url=https:\/\/www.diariopopular.com.ar\/c732053&amp;via=poopulardiario&amp;related=Popular&amp;text=\">\n<p><strong>Monumental recibimiento<\/strong>\u00a0para inclinar la cancha desde antes de que arranque el partido. Temple, paciencia y resiliencia para dar vuelta una historia que se torn\u00f3 complicada, y sin dejar de mostrar y reafirmar la identidad futbol\u00edstica que el t\u00e9cnico pretende.\u00a0<strong>Triunfo copero de River, que se qued\u00f3 corto en el resultado, pero ir\u00e1 a Porto Alegre con la ventaja en la serie.<\/strong><\/p>\n<p><strong>River volvi\u00f3 a padecer de los dos males que lo acompa\u00f1an hace a\u00f1os: la pelota parada y la falta de efectividad.\u00a0<\/strong>Esta vez, claro, ambos tuvieron m\u00e9rito del rival:\u00a0<strong>Sergio Rochet<\/strong>\u00a0fue la gran figura del partido, y Enner Valencia, que pis\u00f3 el \u00e1rea dos veces en los 70 minutos que jug\u00f3, y que con eso le alcanz\u00f3 para sacar a relucir su jerarqu\u00eda de frente al arco.<\/p>\n<p>El Millonario intent\u00f3 repetir la f\u00f3rmula que le hab\u00eda dado \u00e9xito contra Fluminense:<strong>\u00a0acompa\u00f1ado por un imponente marco, no dejar acomodar a su rival en el campo y avasallarlo de entrada, pero sin perder el orden en el fondo<\/strong>. Le funcion\u00f3 porque avis\u00f3 de entrada y porque el Colorado estuvo inc\u00f3modo durante varios minutos.<\/p>\n<div id=\"embed9_wrap\" class=\"embed_cont type_freetext\" contenteditable=\"false\">\n<div id=\"embed9_content\" class=\"embed_content\">\n<div id=\"embed9_embed\">\n<div class=\"video_container\"><iframe loading=\"lazy\" class=\"video_iframe\" src=\"https:\/\/www.youtube.com\/embed\/RB02EJYd-vA\" width=\"100%\" height=\"360\" frameborder=\"0\" scrolling=\"no\" data-gtm-yt-inspected-11=\"true\" data-mce-fragment=\"1\"><\/iframe><\/div>\n<\/div>\n<\/div>\n<div id=\"embed9_epigrafe\" class=\"embed_epigrafe\"><\/div>\n<div id=\"embed9_copyright\" class=\"embed_copyright\"><\/div>\n<\/div>\n<p>Pero en el primer tiempo, si bien tuvo tres chances, no fueron de esas que River acostumbra: un centro cabeceado por Beltr\u00e1n por arriba del travesa\u00f1o, un remate desviado de De la Cruz, y la primera atajada de Rochet, al Vikingo.\u00a0<strong>En tiempo cumplido, la kriptonita: tiro libre de Alan Patrick y Enner Valencia, de cabeza, aventaj\u00f3 al visitante.<\/strong><\/p>\n<p>El complemento fue un\u00a0<strong>aluvi\u00f3n ofensivo de River y un show de atajadones del arquero uruguayo<\/strong>, que hizo valer cada d\u00f3lar que pagaron por \u00e9l: tres tiros de Barco y uno de De la Cruz. Tambi\u00e9n, una volea de Aliendro que se fue rozando el palo. Pero Demichelis movi\u00f3 el banco y en cuesti\u00f3n de segundos encontr\u00f3 respuestas.<\/p>\n<p><strong>Solari<\/strong>, quien se perfilaba para ser titular -finalmente jug\u00f3 Nacho Fern\u00e1ndez-, reemplaz\u00f3 a Enzo P\u00e9rez en un cambio &#8216;gallardista&#8217; y\u00a0<strong>en la segunda pelota que toc\u00f3 hizo lo que sus compa\u00f1eros no: meterla.\u00a0<\/strong>Pic\u00f3 al vac\u00edo y, tras un excelso pase de De la Cruz, la cruz\u00f3 con un fierrazo rasante.<\/p>\n<p>Trece minutos despu\u00e9s, f\u00f3rmula similar:\u00a0<strong>Beltr\u00e1n se visti\u00f3 de asistidor y le filtr\u00f3 un excelso pase al &#8216;Pibe&#8217;<\/strong>, que aprovech\u00f3 una defensa adelantada para irse mano a mano con Rochet y vencerlo con otro disparo raso.<\/p>\n<p>Un buen 2-1 final, corto pero valioso para River, que dio otra<strong>\u00a0muestra de car\u00e1cter\u00a0<\/strong>de las que se le ped\u00edan y exig\u00edan al equipo de Demichelis. Ahora tendr\u00e1 que aguantar la diferencia en el Beira R\u00edo, el pr\u00f3ximo martes.<\/p>\n<\/div>\n<\/article>\n","protected":false},"excerpt":{"rendered":"<p>River Plate venci\u00f3 2-1 a Internacional de Porto Alegre en el estadio M\u00e1s Monumental, por la ida de los octavos<\/p>\n","protected":false},"author":1,"featured_media":5841,"comment_status":"closed","ping_status":"closed","sticky":false,"template":"","format":"standard","meta":{"footnotes":"","jetpack_publicize_message":"","jetpack_publicize_feature_enabled":true,"jetpack_social_post_already_shared":true,"jetpack_social_options":{"image_generator_settings":{"template":"highway","enabled":false},"version":2}},"categories":[9],"tags":[],"class_list":["post-5840","post","type-post","status-publish","format-standard","has-post-thumbnail","hentry","category-deportes"],"jetpack_publicize_connections":[],"_links":{"self":[{"href":"https:\/\/diariorepublica.com.ar\/web\/index.php\/wp-json\/wp\/v2\/posts\/5840"}],"collection":[{"href":"https:\/\/diariorepublica.com.ar\/web\/index.php\/wp-json\/wp\/v2\/posts"}],"about":[{"href":"https:\/\/diariorepublica.com.ar\/web\/index.php\/wp-json\/wp\/v2\/types\/post"}],"author":[{"embeddable":true,"href":"https:\/\/diariorepublica.com.ar\/web\/index.php\/wp-json\/wp\/v2\/users\/1"}],"replies":[{"embeddable":true,"href":"https:\/\/diariorepublica.com.ar\/web\/index.php\/wp-json\/wp\/v2\/comments?post=5840"}],"version-history":[{"count":1,"href":"https:\/\/diariorepublica.com.ar\/web\/index.php\/wp-json\/wp\/v2\/posts\/5840\/revisions"}],"predecessor-version":[{"id":5842,"href":"https:\/\/diariorepublica.com.ar\/web\/index.php\/wp-json\/wp\/v2\/posts\/5840\/revisions\/5842"}],"wp:featuredmedia":[{"embeddable":true,"href":"https:\/\/diariorepublica.com.ar\/web\/index.php\/wp-json\/wp\/v2\/media\/5841"}],"wp:attachment":[{"href":"https:\/\/diariorepublica.com.ar\/web\/index.php\/wp-json\/wp\/v2\/media?parent=5840"}],"wp:term":[{"taxonomy":"category","embeddable":true,"href":"https:\/\/diariorepublica.com.ar\/web\/index.php\/wp-json\/wp\/v2\/categories?post=5840"},{"taxonomy":"post_tag","embeddable":true,"href":"https:\/\/diariorepublica.com.ar\/web\/index.php\/wp-json\/wp\/v2\/tags?post=5840"}],"curies":[{"name":"wp","href":"https:\/\/api.w.org\/{rel}","templated":true}]}}