{"id":5858,"date":"2023-08-02T12:27:00","date_gmt":"2023-08-02T15:27:00","guid":{"rendered":"https:\/\/diariorepublica.com.ar\/web\/?p=5858"},"modified":"2023-08-02T11:28:21","modified_gmt":"2023-08-02T14:28:21","slug":"edicion-especial-de-la-feria-emprender-por-el-mes-de-las-infancias","status":"publish","type":"post","link":"https:\/\/diariorepublica.com.ar\/web\/index.php\/sociedad\/2023\/08\/02\/edicion-especial-de-la-feria-emprender-por-el-mes-de-las-infancias\/","title":{"rendered":"Edici\u00f3n especial de la Feria Emprender por el Mes de las Infancias"},"content":{"rendered":"<p>Desde el Ministerio de Desarrollo Social a trav\u00e9s de la secretaria de Inclusi\u00f3n llevar\u00e1 a cabo la Feria Emprender que se realizar\u00e1 este s\u00e1bado 5 y domingo 6 de agosto, tendr\u00e1 lugar en la Plaza La Alameda de 17 a 20 horas con motivo de celebrar el mes de las infancias.<\/p>\n<p>La feria presenta a m\u00e1s de 80 emprendedores de diferentes rubros como textiles, maderas, viveros, artesan\u00edas, manualidades, objetos de dise\u00f1o, etc.<\/p>\n<p>Adem\u00e1s habr\u00e1 espect\u00e1culos, entretenimientos, regalos, no te lo pierdas!!!<\/p>\n","protected":false},"excerpt":{"rendered":"<p>Desde el Ministerio de Desarrollo Social a trav\u00e9s de la secretaria de Inclusi\u00f3n llevar\u00e1 a cabo la Feria Emprender que<\/p>\n","protected":false},"author":1,"featured_media":5859,"comment_status":"closed","ping_status":"closed","sticky":false,"template":"","format":"standard","meta":{"footnotes":"","jetpack_publicize_message":"","jetpack_publicize_feature_enabled":true,"jetpack_social_post_already_shared":true,"jetpack_social_options":{"image_generator_settings":{"template":"highway","enabled":false},"version":2}},"categories":[3],"tags":[],"class_list":["post-5858","post","type-post","status-publish","format-standard","has-post-thumbnail","hentry","category-sociedad"],"jetpack_publicize_connections":[],"_links":{"self":[{"href":"https:\/\/diariorepublica.com.ar\/web\/index.php\/wp-json\/wp\/v2\/posts\/5858"}],"collection":[{"href":"https:\/\/diariorepublica.com.ar\/web\/index.php\/wp-json\/wp\/v2\/posts"}],"about":[{"href":"https:\/\/diariorepublica.com.ar\/web\/index.php\/wp-json\/wp\/v2\/types\/post"}],"author":[{"embeddable":true,"href":"https:\/\/diariorepublica.com.ar\/web\/index.php\/wp-json\/wp\/v2\/users\/1"}],"replies":[{"embeddable":true,"href":"https:\/\/diariorepublica.com.ar\/web\/index.php\/wp-json\/wp\/v2\/comments?post=5858"}],"version-history":[{"count":1,"href":"https:\/\/diariorepublica.com.ar\/web\/index.php\/wp-json\/wp\/v2\/posts\/5858\/revisions"}],"predecessor-version":[{"id":5860,"href":"https:\/\/diariorepublica.com.ar\/web\/index.php\/wp-json\/wp\/v2\/posts\/5858\/revisions\/5860"}],"wp:featuredmedia":[{"embeddable":true,"href":"https:\/\/diariorepublica.com.ar\/web\/index.php\/wp-json\/wp\/v2\/media\/5859"}],"wp:attachment":[{"href":"https:\/\/diariorepublica.com.ar\/web\/index.php\/wp-json\/wp\/v2\/media?parent=5858"}],"wp:term":[{"taxonomy":"category","embeddable":true,"href":"https:\/\/diariorepublica.com.ar\/web\/index.php\/wp-json\/wp\/v2\/categories?post=5858"},{"taxonomy":"post_tag","embeddable":true,"href":"https:\/\/diariorepublica.com.ar\/web\/index.php\/wp-json\/wp\/v2\/tags?post=5858"}],"curies":[{"name":"wp","href":"https:\/\/api.w.org\/{rel}","templated":true}]}}