{"id":5861,"date":"2023-08-02T14:17:00","date_gmt":"2023-08-02T17:17:00","guid":{"rendered":"https:\/\/diariorepublica.com.ar\/web\/?p=5861"},"modified":"2023-08-02T17:20:09","modified_gmt":"2023-08-02T20:20:09","slug":"por-un-ciberataque-la-web-y-la-aplicacion-de-pami-presentan-fallas","status":"publish","type":"post","link":"https:\/\/diariorepublica.com.ar\/web\/index.php\/nacionales\/2023\/08\/02\/por-un-ciberataque-la-web-y-la-aplicacion-de-pami-presentan-fallas\/","title":{"rendered":"Por un ciberataque, la web y la aplicaci\u00f3n de PAMI presentan fallas"},"content":{"rendered":"<article id=\"article-post\" class=\"first\">\n<div class=\"cuerpo\" data-twitter-link=\"https:\/\/twitter.com\/intent\/tweet?url=https:\/\/www.diariopopular.com.ar\/c732264&amp;via=poopulardiario&amp;related=Popular&amp;text=\">\n<p><strong>El Programa de Atenci\u00f3n M\u00e9dica Integral (PAMI) sufri\u00f3 un ciberataque<\/strong>\u00a0de ransomware, un tipo de virus que encripta archivos para pedir un rescate en dinero a cambio y presenta fallas en su pagina web y aplicaci\u00f3n.\u00a0<strong>Desde el organismo aseguraron que los turnos se mantienen y que los medicamentos se pueden comprar normalmente<\/strong>\u00a0en las farmacias.<\/p>\n<\/div>\n<\/article>\n<article id=\"article-post\">\n<div class=\"cuerpo\" data-twitter-link=\"https:\/\/twitter.com\/intent\/tweet?url=https:\/\/www.diariopopular.com.ar\/c732264&amp;via=poopulardiario&amp;related=Popular&amp;text=\">\n<p><strong>\u201cQueremos informarles que los sistemas de PAMI han experimentado un ciberataque que ha afectado temporalmente el servicio. El ataque ha sido mitigado y toda la informaci\u00f3n de nuestros servidores se encuentra resguardada y protegida\u201d<\/strong>, public\u00f3 la entidad en un comunicado.<\/p>\n<p>Adem\u00e1s, aseguraron que todos los datos e informaci\u00f3n de los usuarios se encuentran protegidos y no fueron alterados.<\/p>\n<div id=\"659409-Libre-351565412_wrap\" class=\"embed_cont type_imagen\" contenteditable=\"false\">\n<div id=\"659409-Libre-351565412_content\" class=\"embed_content\"><img decoding=\"async\" id=\"659409-Libre-351565412_embed\" title=\"PAMI emiti\u00f3 un comunicado tras el ciberataque sufrido este mi\u00e9rcoles.\" src=\"https:\/\/media.diariopopular.com.ar\/p\/cf9f42d6cd1b7b89c70352cff89b6bce\/adjuntos\/143\/imagenes\/008\/101\/0008101529\/1140x0\/smart\/pamijpg.jpg\" alt=\"PAMI emiti\u00f3 un comunicado tras el ciberataque sufrido este mi\u00e9rcoles.\" width=\"1140\" height=\"\" longdesc=\"https:\/\/media.diariopopular.com.ar\/p\/cf9f42d6cd1b7b89c70352cff89b6bce\/adjuntos\/143\/imagenes\/008\/101\/0008101529\/1140x0\/smart\/pamijpg.jpg\" \/><\/div>\n<div id=\"659409-Libre-351565412_epigrafe\" class=\"embed_epigrafe\">\n<p>PAMI emiti\u00f3 un comunicado tras el ciberataque sufrido este mi\u00e9rcoles.<\/p>\n<\/div>\n<div id=\"659409-Libre-351565412_copyright\" class=\"embed_copyright\"><\/div>\n<\/div>\n<h6>\u00bfQu\u00e9 pasar\u00e1 con la facturaci\u00f3n, las recetas y los turnos?<\/h6>\n<p>El PAMI se\u00f1al\u00f3 en su comunicado oficial que \u00abla\u00a0<strong>presentaci\u00f3n de facturas y transmisi\u00f3n de datos\u00a0<\/strong>que corresponden a la jornada de este mi\u00e9rcoles ser\u00e1n\u00a0<strong>prorrogados<\/strong>\u00a0para poder ser presentados oportunamente una vez restablecido el sistema\u00bb.<\/p>\n<p>A su vez, la entidad se refiri\u00f3 a que \u00abtoda receta<strong>\u00a0prescripta con anterioridad\u00a0<\/strong>podr\u00e1 ser dispensada normalmente en las\u00a0<strong>farmacias de la RED PAMI<\/strong>. Las recetas requeridas durante el tiempo que no funcione el sistema deber\u00e1n ser\u00a0<strong>emitidas una vez que el servicio haya sido restablecido<\/strong>\u00a0y enviadas oportunamente al afiliado\u00bb.<\/p>\n<p>En tanto, asegur\u00f3 que \u00abtodos los m\u00e9dicos de cabecera, cl\u00ednicas, sanatorios y hospitales del pa\u00eds que tengan\u00a0<strong>turnos programados<\/strong>\u00a0a la fecha deben\u00a0<strong>atender con normalidad<\/strong>\u00a0y se permitir\u00e1 la transmisi\u00f3n cuando el sistema sea restablecido. Las\u00a0<strong>consultas<\/strong>\u00a0ser\u00e1n validadas aunque no se hayan transmitido en tiempo real\u00bb.<\/p>\n<p>Los afiliados que tengan dudas o requieran atenci\u00f3n podr\u00e1n hacerlo al n\u00famero 138 de PAMI Escucha y Responde.<\/p>\n<h6>\u00bfQu\u00e9 son los ataques de ransomware?<\/h6>\n<p>Los ataques de ransomware encriptan datos de sus v\u00edctimas para volvernos inaccesibles. En muchos casos, los afectados tienen respaldos de informaci\u00f3n (backups), lo que les permite recuperar la informaci\u00f3n para seguir operando.<\/p>\n<p>Sin embargo, esto puede demorar tiempo y, adem\u00e1s, los grupos que cometen este tipo de ciberdelitos pueden publicar los datos robados si el primer tipo de extorsi\u00f3n no funciona.<\/p>\n<p>Fuente: diariopopular.com.ar<\/p>\n<\/div>\n<\/article>\n","protected":false},"excerpt":{"rendered":"<p>El Programa de Atenci\u00f3n M\u00e9dica Integral (PAMI) sufri\u00f3 un ciberataque\u00a0de ransomware, un tipo de virus que encripta archivos para pedir<\/p>\n","protected":false},"author":1,"featured_media":5862,"comment_status":"closed","ping_status":"closed","sticky":false,"template":"","format":"standard","meta":{"footnotes":"","jetpack_publicize_message":"","jetpack_publicize_feature_enabled":true,"jetpack_social_post_already_shared":true,"jetpack_social_options":{"image_generator_settings":{"template":"highway","enabled":false},"version":2}},"categories":[4],"tags":[],"class_list":["post-5861","post","type-post","status-publish","format-standard","has-post-thumbnail","hentry","category-nacionales"],"jetpack_publicize_connections":[],"_links":{"self":[{"href":"https:\/\/diariorepublica.com.ar\/web\/index.php\/wp-json\/wp\/v2\/posts\/5861"}],"collection":[{"href":"https:\/\/diariorepublica.com.ar\/web\/index.php\/wp-json\/wp\/v2\/posts"}],"about":[{"href":"https:\/\/diariorepublica.com.ar\/web\/index.php\/wp-json\/wp\/v2\/types\/post"}],"author":[{"embeddable":true,"href":"https:\/\/diariorepublica.com.ar\/web\/index.php\/wp-json\/wp\/v2\/users\/1"}],"replies":[{"embeddable":true,"href":"https:\/\/diariorepublica.com.ar\/web\/index.php\/wp-json\/wp\/v2\/comments?post=5861"}],"version-history":[{"count":1,"href":"https:\/\/diariorepublica.com.ar\/web\/index.php\/wp-json\/wp\/v2\/posts\/5861\/revisions"}],"predecessor-version":[{"id":5863,"href":"https:\/\/diariorepublica.com.ar\/web\/index.php\/wp-json\/wp\/v2\/posts\/5861\/revisions\/5863"}],"wp:featuredmedia":[{"embeddable":true,"href":"https:\/\/diariorepublica.com.ar\/web\/index.php\/wp-json\/wp\/v2\/media\/5862"}],"wp:attachment":[{"href":"https:\/\/diariorepublica.com.ar\/web\/index.php\/wp-json\/wp\/v2\/media?parent=5861"}],"wp:term":[{"taxonomy":"category","embeddable":true,"href":"https:\/\/diariorepublica.com.ar\/web\/index.php\/wp-json\/wp\/v2\/categories?post=5861"},{"taxonomy":"post_tag","embeddable":true,"href":"https:\/\/diariorepublica.com.ar\/web\/index.php\/wp-json\/wp\/v2\/tags?post=5861"}],"curies":[{"name":"wp","href":"https:\/\/api.w.org\/{rel}","templated":true}]}}