{"id":5864,"date":"2023-08-02T17:21:36","date_gmt":"2023-08-02T20:21:36","guid":{"rendered":"https:\/\/diariorepublica.com.ar\/web\/?p=5864"},"modified":"2023-08-02T17:21:37","modified_gmt":"2023-08-02T20:21:37","slug":"boca-presento-al-ex-river-marcelo-saracchi","status":"publish","type":"post","link":"https:\/\/diariorepublica.com.ar\/web\/index.php\/deportes\/2023\/08\/02\/boca-presento-al-ex-river-marcelo-saracchi\/","title":{"rendered":"Boca present\u00f3 al ex River Marcelo Saracchi"},"content":{"rendered":"<article id=\"article-post\" class=\"first\">\n<div class=\"cuerpo\" data-twitter-link=\"https:\/\/twitter.com\/intent\/tweet?url=https:\/\/www.diariopopular.com.ar\/c732259&amp;via=poopulardiario&amp;related=Popular&amp;text=\">\n<p><strong>Boca<\/strong>\u00a0present\u00f3 a<strong>\u00a0Marcelo Saracchi<\/strong>, quien jug\u00f3 y fue campe\u00f3n en\u00a0<strong>River<\/strong>\u00a0contra el Xeneize, como su cuarto refuerzo. El lateral izquierdo de 25 a\u00f1os firmar\u00e1 hasta diciembre de 2027 con el club de La Ribera y se suma a las llegadas de<strong>\u00a0Lucas Blondel, Lucas Janson<\/strong>\u00a0y la incorporaci\u00f3n top de\u00a0<strong>Edinson Cavani<\/strong>.<\/p>\n<\/div>\n<\/article>\n<article id=\"article-post\">\n<div class=\"cuerpo\" data-twitter-link=\"https:\/\/twitter.com\/intent\/tweet?url=https:\/\/www.diariopopular.com.ar\/c732259&amp;via=poopulardiario&amp;related=Popular&amp;text=\">\n<p><strong>Boca compr\u00f3 el 70% de su pase por 1.800.000 euros al Levante, de la Segunda Divisi\u00f3n de Espa\u00f1a<\/strong>, donde militaba el jugador y le dio la bienvenida en redes sociales.\u00a0<strong>Competir\u00e1 con Frank Fabra<\/strong>, teniendo en cuenta que Valent\u00edn Barco es utilizado por la banda izquierda en el mediocampo y que\u00a0<strong>Agust\u00edn Sandez<\/strong>\u00a0saldr\u00eda a pr\u00e9stamo.<\/p>\n<p>Como Saracchi reci\u00e9n firm\u00f3 su v\u00ednculo con Boca este martes<strong>\u00a0no lleg\u00f3 a ser a\u00f1adido a tiempo a la lista de buena fe de la Copa Libertadores y entonces reci\u00e9n podr\u00eda disputar los cuartos de final<\/strong>\u00a0si es que Boca deja en el camino a Nacional. Sin embargo, la Copa de la Liga podr\u00e1 jugarla sin problema.<\/p>\n<p>Saracchi disput\u00f3 30 partidos con la camiseta de River entre 2017 y 2018 y convirti\u00f3 un gol. Tuvo un muy buen nivel y se gan\u00f3 la titularidad con Marcelo Gallardo. Incluso, estuvo de arranque en el duelo por la Supercopa Argentina 2017 en el que el Millonario se impuso por 2-1 ante el Xeneize y fue parte del plantel campe\u00f3n de la Copa Libertadores de 2018 ante Boca en Madrid, aunque para entonces ya hab\u00eda dejado el club.<\/p>\n<p>Formado en Danubio de su pa\u00eds -al igual que Cavani-,\u00a0<strong>Saracchi se march\u00f3 de River a mediados de 2018 en una venta millonaria: Leipzig de Alemania lo compr\u00f3 en 12.5 millones de euros<\/strong>.<\/p>\n<p>Luego pas\u00f3 a pr\u00e9stamo al Galasataray de Turqu\u00eda y en 2022 qued\u00f3 con el pase en su poder tras no renovar contrato.\u00a0<strong>A comienzos de ese a\u00f1o firm\u00f3 con el Levante\u00a0<\/strong>para jugar en la Segunda Divisi\u00f3n y le quedaba un a\u00f1o de contrato.<\/p>\n<\/div>\n<\/article>\n\n\n<figure class=\"wp-block-embed is-type-rich is-provider-twitter wp-block-embed-twitter\"><div class=\"wp-block-embed__wrapper\">\n<blockquote class=\"twitter-tweet\" data-width=\"550\" data-dnt=\"true\"><p lang=\"es\" dir=\"ltr\">\u00a1Marcelo Saracchi, nuevo refuerzo Xeneize! \ud83d\udc99\ud83d\udc9b\ud83d\udc99 <a href=\"https:\/\/t.co\/uVw2PtGCJV\">pic.twitter.com\/uVw2PtGCJV<\/a><\/p>&mdash; Boca Juniors (@BocaJrsOficial) <a href=\"https:\/\/twitter.com\/BocaJrsOficial\/status\/1686755259245379584?ref_src=twsrc%5Etfw\">August 2, 2023<\/a><\/blockquote><script async src=\"https:\/\/platform.twitter.com\/widgets.js\" charset=\"utf-8\"><\/script>\n<\/div><\/figure>\n","protected":false},"excerpt":{"rendered":"<p>Boca\u00a0present\u00f3 a\u00a0Marcelo Saracchi, quien jug\u00f3 y fue campe\u00f3n en\u00a0River\u00a0contra el Xeneize, como su cuarto refuerzo. El lateral izquierdo de 25<\/p>\n","protected":false},"author":1,"featured_media":5865,"comment_status":"closed","ping_status":"closed","sticky":false,"template":"","format":"standard","meta":{"footnotes":"","jetpack_publicize_message":"","jetpack_publicize_feature_enabled":true,"jetpack_social_post_already_shared":true,"jetpack_social_options":{"image_generator_settings":{"template":"highway","enabled":false},"version":2}},"categories":[9],"tags":[],"class_list":["post-5864","post","type-post","status-publish","format-standard","has-post-thumbnail","hentry","category-deportes"],"jetpack_publicize_connections":[],"_links":{"self":[{"href":"https:\/\/diariorepublica.com.ar\/web\/index.php\/wp-json\/wp\/v2\/posts\/5864"}],"collection":[{"href":"https:\/\/diariorepublica.com.ar\/web\/index.php\/wp-json\/wp\/v2\/posts"}],"about":[{"href":"https:\/\/diariorepublica.com.ar\/web\/index.php\/wp-json\/wp\/v2\/types\/post"}],"author":[{"embeddable":true,"href":"https:\/\/diariorepublica.com.ar\/web\/index.php\/wp-json\/wp\/v2\/users\/1"}],"replies":[{"embeddable":true,"href":"https:\/\/diariorepublica.com.ar\/web\/index.php\/wp-json\/wp\/v2\/comments?post=5864"}],"version-history":[{"count":1,"href":"https:\/\/diariorepublica.com.ar\/web\/index.php\/wp-json\/wp\/v2\/posts\/5864\/revisions"}],"predecessor-version":[{"id":5866,"href":"https:\/\/diariorepublica.com.ar\/web\/index.php\/wp-json\/wp\/v2\/posts\/5864\/revisions\/5866"}],"wp:featuredmedia":[{"embeddable":true,"href":"https:\/\/diariorepublica.com.ar\/web\/index.php\/wp-json\/wp\/v2\/media\/5865"}],"wp:attachment":[{"href":"https:\/\/diariorepublica.com.ar\/web\/index.php\/wp-json\/wp\/v2\/media?parent=5864"}],"wp:term":[{"taxonomy":"category","embeddable":true,"href":"https:\/\/diariorepublica.com.ar\/web\/index.php\/wp-json\/wp\/v2\/categories?post=5864"},{"taxonomy":"post_tag","embeddable":true,"href":"https:\/\/diariorepublica.com.ar\/web\/index.php\/wp-json\/wp\/v2\/tags?post=5864"}],"curies":[{"name":"wp","href":"https:\/\/api.w.org\/{rel}","templated":true}]}}