{"id":5867,"date":"2023-08-02T15:21:00","date_gmt":"2023-08-02T18:21:00","guid":{"rendered":"https:\/\/diariorepublica.com.ar\/web\/?p=5867"},"modified":"2023-08-02T17:23:01","modified_gmt":"2023-08-02T20:23:01","slug":"boca-abre-su-serie-de-copa-libertadores-con-nacional","status":"publish","type":"post","link":"https:\/\/diariorepublica.com.ar\/web\/index.php\/deportes\/2023\/08\/02\/boca-abre-su-serie-de-copa-libertadores-con-nacional\/","title":{"rendered":"Boca abre su serie de Copa Libertadores con Nacional"},"content":{"rendered":"<article id=\"article-post\" class=\"first\">\n<div class=\"cuerpo\" data-twitter-link=\"https:\/\/twitter.com\/intent\/tweet?url=https:\/\/www.diariopopular.com.ar\/c732069&amp;via=poopulardiario&amp;related=Popular&amp;text=\">\n<p><strong>Boca inicia este mi\u00e9rcoles, desde las 21 en Uruguay, su serie de octavos de final de la Copa Libertadores con Nacional.\u00a0<\/strong>El partido ser\u00e1 dirigido por Raphael Claus y televisado por Fox Sports y Telef\u00e9.<\/p>\n<\/div>\n<\/article>\n<article id=\"article-post\">\n<div class=\"cuerpo\" data-twitter-link=\"https:\/\/twitter.com\/intent\/tweet?url=https:\/\/www.diariopopular.com.ar\/c732069&amp;via=poopulardiario&amp;related=Popular&amp;text=\">\n<p>Boca, que enderez\u00f3 el rumbo y termin\u00f3 7\u00b0 en la Liga Profesional con triunfos en las \u00faltimas cuatro fechas, buscar\u00e1 dar el primer paso en la serie con Nacional para luego cerrar la eliminatoria en La Bombonera.<\/p>\n<p>En cuanto al equipo,\u00a0<strong>Lucas Blondel y Lucas Janson estar\u00e1n desde el arranque y debutar\u00e1n en el Xeneize.\u00a0<\/strong>Por su parte, el flamante refuerzo\u00a0<strong>Edinson Cavani no fue citado por Jorge Almir\u00f3n, quien primero quiere evaluar su condici\u00f3n f\u00edsica.\u00a0<\/strong>Tampoco estar\u00e1 Dar\u00edo Benedetto, quien se qued\u00f3 afuera por una contractura.<\/p>\n<p><strong>En cuanto a Nacional, el entrenador \u00c1lvaro Guti\u00e9rrez dispondr\u00e1 un once que contar\u00e1 con el debut del lateral argentino Gabriel B\u00e1ez<\/strong>, quien se sum\u00f3 al plantel la semana pasada procedente de Cerro Porte\u00f1o.<\/p>\n<p>Adem\u00e1s, en los \u00faltimos d\u00edas<strong>\u00a0el equipo perdi\u00f3 a dos titulares como el arquero Sergio Rochet\u00a0<\/strong>(figura este mi\u00e9rcoles ante River con la camiseta de Internacional)\u00a0<strong>y el zaguero Camilo C\u00e1ndido<\/strong>. Nacional no juega desde el s\u00e1bado 22 cuando cerr\u00f3 su participaci\u00f3n en el Torneo Intermedio con un 1-0 sobre Cerro Largo.<\/p>\n<p>Posibles formaciones:<\/p>\n<p>Nacional de Uruguay: Salvador Ichazo; Leandro Lozano, Daniel Bocanegra, Diego Polenta y Gabriel B\u00e1ez; Diego Rodr\u00edguez y Yonat\u00e1n Rodr\u00edguez; Alfonso Trezza, Diego Zabala, Franco Fag\u00fandez; Juan Ignacio Ram\u00edrez.<\/p>\n<p>Boca: Sergio Romero; Lucas Blondel, Nicol\u00e1s Figal, Nicol\u00e1s Valentini, Frank Fabra; Luis Adv\u00edncula, Cristian Medina, Jorman Campuzano, Guillermo Fern\u00e1ndez; Miguel Merentiel y Lucas Janson.<\/p>\n<\/div>\n<\/article>\n","protected":false},"excerpt":{"rendered":"<p>Boca inicia este mi\u00e9rcoles, desde las 21 en Uruguay, su serie de octavos de final de la Copa Libertadores con<\/p>\n","protected":false},"author":1,"featured_media":5868,"comment_status":"closed","ping_status":"closed","sticky":false,"template":"","format":"standard","meta":{"footnotes":"","jetpack_publicize_message":"","jetpack_publicize_feature_enabled":true,"jetpack_social_post_already_shared":true,"jetpack_social_options":{"image_generator_settings":{"template":"highway","enabled":false},"version":2}},"categories":[9],"tags":[],"class_list":["post-5867","post","type-post","status-publish","format-standard","has-post-thumbnail","hentry","category-deportes"],"jetpack_publicize_connections":[],"_links":{"self":[{"href":"https:\/\/diariorepublica.com.ar\/web\/index.php\/wp-json\/wp\/v2\/posts\/5867"}],"collection":[{"href":"https:\/\/diariorepublica.com.ar\/web\/index.php\/wp-json\/wp\/v2\/posts"}],"about":[{"href":"https:\/\/diariorepublica.com.ar\/web\/index.php\/wp-json\/wp\/v2\/types\/post"}],"author":[{"embeddable":true,"href":"https:\/\/diariorepublica.com.ar\/web\/index.php\/wp-json\/wp\/v2\/users\/1"}],"replies":[{"embeddable":true,"href":"https:\/\/diariorepublica.com.ar\/web\/index.php\/wp-json\/wp\/v2\/comments?post=5867"}],"version-history":[{"count":1,"href":"https:\/\/diariorepublica.com.ar\/web\/index.php\/wp-json\/wp\/v2\/posts\/5867\/revisions"}],"predecessor-version":[{"id":5869,"href":"https:\/\/diariorepublica.com.ar\/web\/index.php\/wp-json\/wp\/v2\/posts\/5867\/revisions\/5869"}],"wp:featuredmedia":[{"embeddable":true,"href":"https:\/\/diariorepublica.com.ar\/web\/index.php\/wp-json\/wp\/v2\/media\/5868"}],"wp:attachment":[{"href":"https:\/\/diariorepublica.com.ar\/web\/index.php\/wp-json\/wp\/v2\/media?parent=5867"}],"wp:term":[{"taxonomy":"category","embeddable":true,"href":"https:\/\/diariorepublica.com.ar\/web\/index.php\/wp-json\/wp\/v2\/categories?post=5867"},{"taxonomy":"post_tag","embeddable":true,"href":"https:\/\/diariorepublica.com.ar\/web\/index.php\/wp-json\/wp\/v2\/tags?post=5867"}],"curies":[{"name":"wp","href":"https:\/\/api.w.org\/{rel}","templated":true}]}}