{"id":5916,"date":"2023-08-04T07:11:12","date_gmt":"2023-08-04T10:11:12","guid":{"rendered":"https:\/\/diariorepublica.com.ar\/web\/?p=5916"},"modified":"2023-08-04T07:11:15","modified_gmt":"2023-08-04T10:11:15","slug":"me-siento-muy-feliz-con-el-acompanamiento-de-la-militancia","status":"publish","type":"post","link":"https:\/\/diariorepublica.com.ar\/web\/index.php\/politica\/2023\/08\/04\/me-siento-muy-feliz-con-el-acompanamiento-de-la-militancia\/","title":{"rendered":"\u201cMe siento muy feliz con el acompa\u00f1amiento de la militancia\u201d"},"content":{"rendered":"<p>Un masivo acto de respaldo a Gustavo Saadi, intendente de la Capital tuvo lugar bajo el lema \u00abLa militancia junto a Gustavo\u00bb en el Club Juventud Unida de Santa Rosa, ubicado en avenida Virgen del Valle entre Rojas y Almagro. Una gran cantidad de militantes se hizo presente con remeras y banderas, entonando c\u00e1nticos para el actual jefe comunal. En el evento, el intendente Gustavo Saadi expres\u00f3 su agradecimiento a las compa\u00f1eras y compa\u00f1eros que convocaron la movilizaci\u00f3n.<\/p>\n<p>Me siento muy contento por el apoyo de la militancia peronista, que siempre nos llena de energ\u00eda en los actos. Necesitamos este tipo de eventos para fortalecer nuestro camino\u00bb, afirm\u00f3 el intendente Saadi. Tambi\u00e9n hizo hincapi\u00e9 en el compromiso diario de su equipo de trabajo y en los avances que experiment\u00f3 la ciudad en los \u00faltimos 12 a\u00f1os. Reconoci\u00f3 que siempre existen desaf\u00edos pendientes por resolver, pero lo hace con renovadas energ\u00edas y la convicci\u00f3n de seguir trabajando para mejorar la calidad de vida de los vecinos.<\/p>\n<p>\u00abContamos con un gran equipo que conoce los barrios y las problem\u00e1ticas que enfrenta nuestra ciudad. Al final, quienes deciden son los vecinos, y estamos aqu\u00ed para escucharlos y trabajar juntos por un futuro mejor para todos\u00bb<\/p>\n","protected":false},"excerpt":{"rendered":"<p>Un masivo acto de respaldo a Gustavo Saadi, intendente de la Capital tuvo lugar bajo el lema \u00abLa militancia junto<\/p>\n","protected":false},"author":2,"featured_media":5917,"comment_status":"closed","ping_status":"closed","sticky":false,"template":"","format":"standard","meta":{"footnotes":"","jetpack_publicize_message":"","jetpack_publicize_feature_enabled":true,"jetpack_social_post_already_shared":true,"jetpack_social_options":{"image_generator_settings":{"template":"highway","enabled":false},"version":2}},"categories":[12],"tags":[],"class_list":["post-5916","post","type-post","status-publish","format-standard","has-post-thumbnail","hentry","category-politica"],"jetpack_publicize_connections":[],"_links":{"self":[{"href":"https:\/\/diariorepublica.com.ar\/web\/index.php\/wp-json\/wp\/v2\/posts\/5916"}],"collection":[{"href":"https:\/\/diariorepublica.com.ar\/web\/index.php\/wp-json\/wp\/v2\/posts"}],"about":[{"href":"https:\/\/diariorepublica.com.ar\/web\/index.php\/wp-json\/wp\/v2\/types\/post"}],"author":[{"embeddable":true,"href":"https:\/\/diariorepublica.com.ar\/web\/index.php\/wp-json\/wp\/v2\/users\/2"}],"replies":[{"embeddable":true,"href":"https:\/\/diariorepublica.com.ar\/web\/index.php\/wp-json\/wp\/v2\/comments?post=5916"}],"version-history":[{"count":1,"href":"https:\/\/diariorepublica.com.ar\/web\/index.php\/wp-json\/wp\/v2\/posts\/5916\/revisions"}],"predecessor-version":[{"id":5918,"href":"https:\/\/diariorepublica.com.ar\/web\/index.php\/wp-json\/wp\/v2\/posts\/5916\/revisions\/5918"}],"wp:featuredmedia":[{"embeddable":true,"href":"https:\/\/diariorepublica.com.ar\/web\/index.php\/wp-json\/wp\/v2\/media\/5917"}],"wp:attachment":[{"href":"https:\/\/diariorepublica.com.ar\/web\/index.php\/wp-json\/wp\/v2\/media?parent=5916"}],"wp:term":[{"taxonomy":"category","embeddable":true,"href":"https:\/\/diariorepublica.com.ar\/web\/index.php\/wp-json\/wp\/v2\/categories?post=5916"},{"taxonomy":"post_tag","embeddable":true,"href":"https:\/\/diariorepublica.com.ar\/web\/index.php\/wp-json\/wp\/v2\/tags?post=5916"}],"curies":[{"name":"wp","href":"https:\/\/api.w.org\/{rel}","templated":true}]}}