{"id":5937,"date":"2023-08-04T07:58:04","date_gmt":"2023-08-04T10:58:04","guid":{"rendered":"https:\/\/diariorepublica.com.ar\/web\/?p=5937"},"modified":"2023-08-04T07:58:06","modified_gmt":"2023-08-04T10:58:06","slug":"se-confirmo-procesamiento-a-juan-pablo-morales","status":"publish","type":"post","link":"https:\/\/diariorepublica.com.ar\/web\/index.php\/policiales\/2023\/08\/04\/se-confirmo-procesamiento-a-juan-pablo-morales\/","title":{"rendered":"Se confirm\u00f3 procesamiento a Juan Pablo Morales"},"content":{"rendered":"<p>La C\u00e1mara Federal de Apelaciones de Tucum\u00e1n rechaz\u00f3 las apelaciones presentadas por la defensa y la Fiscal\u00eda Federal, confirmando as\u00ed el procesamiento del abogado en el marco de la investigaci\u00f3n por comercio de estupefacientes. Morales est\u00e1 imputado junto a otras siete personas, entre ellas, conocidos personajes del \u00e1mbito delictivo como Sebasti\u00e1n \u00abLa Chancha\u00bb Fr\u00edas y Marco Antonio Rearte.<\/p>\n<p>La causa que involucra a Morales se enmarca en una investigaci\u00f3n m\u00e1s amplia relacionada con actividades il\u00edcitas de narcotr\u00e1fico. El abogado fue imputado en compa\u00f1\u00eda de otras siete personas, entre las que se encuentran figuras conocidas en el \u00e1mbito delictivo, como Sebasti\u00e1n \u00abLa Chancha\u00bb Fr\u00edas y Marco Antonio Rearte.<\/p>\n<p>Los hechos que llevaron a este proceso comenzaron a develarse en 2021 durante un operativo antidrogas llevado a cabo por la Gendarmer\u00eda Nacional, en el que resultaron detenidos Sebasti\u00e1n \u00abLa Chancha\u00bb Fr\u00edas, su hermano Pablo Andr\u00e9s \u00abPiquinino\u00bb Fr\u00edas y Marco Antonio Rearte. Durante los allanamientos llevados a cabo en ese a\u00f1o se incautaron sustancias estupefacientes, incluyendo marihuana y coca\u00edna, as\u00ed como dispositivos electr\u00f3nicos y otros elementos que fueron considerados como pruebas relevantes para la causa.<\/p>\n<p>La investigaci\u00f3n inicial arroj\u00f3 evidencias que llevaron a una segunda pesquisa, en la que se vincul\u00f3 al abogado Juan Pablo Morales a trav\u00e9s de escuchas telef\u00f3nicas en las que supuestamente se hace menci\u00f3n a su participaci\u00f3n en actividades il\u00edcitas junto a los otros investigados. Seg\u00fan fuentes judiciales, el fiscal Santos Reynoso consider\u00f3 que exist\u00edan pruebas suficientes para acusar a Morales y solicitar su detenci\u00f3n.<\/p>\n<p>Cabe destacar que, a pesar de las acusaciones y el proceso en curso, el abogado Juan Pablo Morales no ha estado bajo detenci\u00f3n en ning\u00fan momento.<\/p>\n","protected":false},"excerpt":{"rendered":"<p>La C\u00e1mara Federal de Apelaciones de Tucum\u00e1n rechaz\u00f3 las apelaciones presentadas por la defensa y la Fiscal\u00eda Federal, confirmando as\u00ed<\/p>\n","protected":false},"author":2,"featured_media":5946,"comment_status":"closed","ping_status":"closed","sticky":false,"template":"","format":"standard","meta":{"footnotes":"","jetpack_publicize_message":"","jetpack_publicize_feature_enabled":true,"jetpack_social_post_already_shared":true,"jetpack_social_options":{"image_generator_settings":{"template":"highway","enabled":false},"version":2}},"categories":[8],"tags":[],"class_list":["post-5937","post","type-post","status-publish","format-standard","has-post-thumbnail","hentry","category-policiales"],"jetpack_publicize_connections":[],"_links":{"self":[{"href":"https:\/\/diariorepublica.com.ar\/web\/index.php\/wp-json\/wp\/v2\/posts\/5937"}],"collection":[{"href":"https:\/\/diariorepublica.com.ar\/web\/index.php\/wp-json\/wp\/v2\/posts"}],"about":[{"href":"https:\/\/diariorepublica.com.ar\/web\/index.php\/wp-json\/wp\/v2\/types\/post"}],"author":[{"embeddable":true,"href":"https:\/\/diariorepublica.com.ar\/web\/index.php\/wp-json\/wp\/v2\/users\/2"}],"replies":[{"embeddable":true,"href":"https:\/\/diariorepublica.com.ar\/web\/index.php\/wp-json\/wp\/v2\/comments?post=5937"}],"version-history":[{"count":1,"href":"https:\/\/diariorepublica.com.ar\/web\/index.php\/wp-json\/wp\/v2\/posts\/5937\/revisions"}],"predecessor-version":[{"id":5947,"href":"https:\/\/diariorepublica.com.ar\/web\/index.php\/wp-json\/wp\/v2\/posts\/5937\/revisions\/5947"}],"wp:featuredmedia":[{"embeddable":true,"href":"https:\/\/diariorepublica.com.ar\/web\/index.php\/wp-json\/wp\/v2\/media\/5946"}],"wp:attachment":[{"href":"https:\/\/diariorepublica.com.ar\/web\/index.php\/wp-json\/wp\/v2\/media?parent=5937"}],"wp:term":[{"taxonomy":"category","embeddable":true,"href":"https:\/\/diariorepublica.com.ar\/web\/index.php\/wp-json\/wp\/v2\/categories?post=5937"},{"taxonomy":"post_tag","embeddable":true,"href":"https:\/\/diariorepublica.com.ar\/web\/index.php\/wp-json\/wp\/v2\/tags?post=5937"}],"curies":[{"name":"wp","href":"https:\/\/api.w.org\/{rel}","templated":true}]}}