{"id":6067,"date":"2023-08-08T14:08:00","date_gmt":"2023-08-08T17:08:00","guid":{"rendered":"https:\/\/diariorepublica.com.ar\/web\/?p=6067"},"modified":"2023-08-08T13:09:58","modified_gmt":"2023-08-08T16:09:58","slug":"argentina-volvio-a-ser-pais-libre-de-influenza-aviar","status":"publish","type":"post","link":"https:\/\/diariorepublica.com.ar\/web\/index.php\/nacionales\/2023\/08\/08\/argentina-volvio-a-ser-pais-libre-de-influenza-aviar\/","title":{"rendered":"Argentina volvi\u00f3 a ser pa\u00eds libre de influenza aviar"},"content":{"rendered":"<article id=\"article-post\" class=\"first\">\n<div class=\"cuerpo\" data-twitter-link=\"https:\/\/twitter.com\/intent\/tweet?url=https:\/\/www.diariopopular.com.ar\/c733588&amp;via=poopulardiario&amp;related=Popular&amp;text=\">\n<p>La Argentina recuper\u00f3 el estatus sanitario de pa\u00eds<strong>\u00a0libre de Influenza Aviar Altamente Pat\u00f3gena\u00a0<\/strong>(IAAP), inform\u00f3 este martes la Secretar\u00eda de Agricultura, Ganader\u00eda y Pesca.<\/p>\n<\/div>\n<\/article>\n<article id=\"article-post\">\n<div class=\"cuerpo\" data-twitter-link=\"https:\/\/twitter.com\/intent\/tweet?url=https:\/\/www.diariopopular.com.ar\/c733588&amp;via=poopulardiario&amp;related=Popular&amp;text=\">\n<p>La repartici\u00f3n encabezada por Juan Jos\u00e9 Bahillo se\u00f1al\u00f3 que finalizaron las acciones sanitarias por el \u00faltimo brote de IAAP en aves de corral, con el cierre del \u00faltimo de los 18 brotes detectados en establecimientos comerciales registrados en nuestro pa\u00eds.<\/p>\n<p>En el mismo sentido, el\u00a0<strong>Servicio Nacional de Sanidad y Calidad Agroalimentaria (Senasa) c<\/strong>omunic\u00f3 a la Organizaci\u00f3n Mundial de Sanidad Animal (OMSA) la recuperaci\u00f3n del estatus sanitario de la Argentina como pa\u00eds libre de influenza aviar, en cumplimiento de las recomendaciones del ente internacional.<\/p>\n<p>En un comunicado, Bahillo destac\u00f3 \u00abla articulaci\u00f3n con el sector productivo y las instituciones provinciales y nacionales, impulsada por el ministro de Econom\u00eda, Sergio Massa, para que Argentina pueda recuperar la estabilidad epidemiol\u00f3gica luego de casi seis meses desde la primera detecci\u00f3n en predios de la avicultura\u00bb.<\/p>\n<p>La declaraci\u00f3n de la emergencia sanitaria en todo el pa\u00eds fue dispuesta el 15 de febrero de este a\u00f1o a trav\u00e9s de la resoluci\u00f3n 147 del Senasa.<\/p>\n<p>En los 162 d\u00edas que pasaron desde la aparici\u00f3n del primer brote de influenza aviar en Argentina,\u00a0<strong>hubo 18 brotes en establecimientos de aves a corral y un total aproximado de 2,2 millones de aves involucradas<\/strong>. La mayor\u00eda de los casos se dieron en la provincia de Buenos Aires, pero tambi\u00e9n hubo casos en Neuqu\u00e9n, R\u00edo Negro, Entre R\u00edos, C\u00f3rdoba, Chubut y Santa Fe.<\/p>\n<p>\u00abActuamos eficientemente para controlar la enfermedad y dar las garant\u00edas de vigilancia epidemiol\u00f3gica, que sustenta que la enfermedad no se encuentra presente en la avicultura nacional. Seguimos trabajando en las herramientas de zonificaci\u00f3n, con el objetivo de mantener el comercio internacional sin interrupciones ante un eventual rebrote en aves de corral\u00bb, se\u00f1al\u00f3 la directora nacional de Sanidad Animal del Senasa, Ximena Mel\u00f3n.<\/p>\n<p>Adem\u00e1s Mel\u00f3n destac\u00f3: \u201cEl trabajo llevado a cabo por la DNSA, sus \u00e1reas operativas en las regiones, el laboratorio nacional del Senasa, junto a la articulaci\u00f3n con el sector productivo y las instituciones provinciales y nacionales, permiti\u00f3 recuperar la estabilidad epidemiol\u00f3gica luego de transcurridos casi 6 meses desde la primera detecci\u00f3n en predios de la avicultura\u201d.<\/p>\n<p>Respecto al comercio internacional, y con el apoyo de las representaciones del Ministerio de Relaciones Exteriores y Culto y de la Secretar\u00eda de Agricultura, Ganader\u00eda y Pesca, el Senasa mantuvo\u00a0<strong>negociaciones sanitarias con m\u00e1s de 30 destinos de exportaci\u00f3n<\/strong>\u00a0a trav\u00e9s de intercambios de informaci\u00f3n y reuniones bilaterales, incluyendo una visita a las autoridades sanitarias de China.<\/p>\n<\/div>\n<\/article>\n\n\n<p><\/p>\n","protected":false},"excerpt":{"rendered":"<p>La Argentina recuper\u00f3 el estatus sanitario de pa\u00eds\u00a0libre de Influenza Aviar Altamente Pat\u00f3gena\u00a0(IAAP), inform\u00f3 este martes la Secretar\u00eda de Agricultura,<\/p>\n","protected":false},"author":1,"featured_media":6068,"comment_status":"closed","ping_status":"closed","sticky":false,"template":"","format":"standard","meta":{"footnotes":"","jetpack_publicize_message":"","jetpack_publicize_feature_enabled":true,"jetpack_social_post_already_shared":true,"jetpack_social_options":{"image_generator_settings":{"template":"highway","enabled":false},"version":2}},"categories":[4],"tags":[],"class_list":["post-6067","post","type-post","status-publish","format-standard","has-post-thumbnail","hentry","category-nacionales"],"jetpack_publicize_connections":[],"_links":{"self":[{"href":"https:\/\/diariorepublica.com.ar\/web\/index.php\/wp-json\/wp\/v2\/posts\/6067"}],"collection":[{"href":"https:\/\/diariorepublica.com.ar\/web\/index.php\/wp-json\/wp\/v2\/posts"}],"about":[{"href":"https:\/\/diariorepublica.com.ar\/web\/index.php\/wp-json\/wp\/v2\/types\/post"}],"author":[{"embeddable":true,"href":"https:\/\/diariorepublica.com.ar\/web\/index.php\/wp-json\/wp\/v2\/users\/1"}],"replies":[{"embeddable":true,"href":"https:\/\/diariorepublica.com.ar\/web\/index.php\/wp-json\/wp\/v2\/comments?post=6067"}],"version-history":[{"count":1,"href":"https:\/\/diariorepublica.com.ar\/web\/index.php\/wp-json\/wp\/v2\/posts\/6067\/revisions"}],"predecessor-version":[{"id":6069,"href":"https:\/\/diariorepublica.com.ar\/web\/index.php\/wp-json\/wp\/v2\/posts\/6067\/revisions\/6069"}],"wp:featuredmedia":[{"embeddable":true,"href":"https:\/\/diariorepublica.com.ar\/web\/index.php\/wp-json\/wp\/v2\/media\/6068"}],"wp:attachment":[{"href":"https:\/\/diariorepublica.com.ar\/web\/index.php\/wp-json\/wp\/v2\/media?parent=6067"}],"wp:term":[{"taxonomy":"category","embeddable":true,"href":"https:\/\/diariorepublica.com.ar\/web\/index.php\/wp-json\/wp\/v2\/categories?post=6067"},{"taxonomy":"post_tag","embeddable":true,"href":"https:\/\/diariorepublica.com.ar\/web\/index.php\/wp-json\/wp\/v2\/tags?post=6067"}],"curies":[{"name":"wp","href":"https:\/\/api.w.org\/{rel}","templated":true}]}}