{"id":6073,"date":"2023-08-08T18:53:26","date_gmt":"2023-08-08T21:53:26","guid":{"rendered":"https:\/\/diariorepublica.com.ar\/web\/?p=6073"},"modified":"2023-08-08T18:53:30","modified_gmt":"2023-08-08T21:53:30","slug":"massa-ante-la-cgt-el-domingo-se-empieza-a-discutir-a-que-argentina-vamos","status":"publish","type":"post","link":"https:\/\/diariorepublica.com.ar\/web\/index.php\/politica\/2023\/08\/08\/massa-ante-la-cgt-el-domingo-se-empieza-a-discutir-a-que-argentina-vamos\/","title":{"rendered":"Massa ante la CGT: \u00abEl domingo se empieza a discutir a qu\u00e9 Argentina vamos\u00bb"},"content":{"rendered":"<p>El precandidato presidencial de Uni\u00f3n por la Patria (UxP),\u00a0<strong>Sergio Massa<\/strong>, advirti\u00f3 hoy que en las PASO del domingo se empezar\u00e1 a discutir \u00aba qu\u00e9 Argentina vamos\u00bb, al contrastar las pol\u00edticas del Gobierno y las propuestas de la oposici\u00f3n; llam\u00f3 a buscar el voto por el peronismo \u00abbarrio por barrio y casa por casa\u00bb y defendi\u00f3 el \u00abmodelo sindical\u00bb vigente y la \u00abmovilidad social ascendente\u00bb, al encabezar un acto con la CGT.<\/p>\n<p>\u00ab<strong>El domingo se empieza a discutir a qu\u00e9 Argentina vamos<\/strong>\u00ab, dijo Massa durante su discurso, y compar\u00f3: \u00abEst\u00e1n ellos, planteando la eliminaci\u00f3n de la indemnizaci\u00f3n por despidos, las vacaciones pagas y la ultraactividad (renovaci\u00f3n autom\u00e1tica) de los convenios colectivos de trabajo, y que hablan del trabajo como un costo y no como el instrumento de dignidad m\u00e1s importante que tiene nuestra sociedad, y nosotros, que\u00a0<strong>tenemos una responsabilidad de defender los derechos de los trabajadores y mejorar sus ingresos<\/strong>\u00ab.<\/p>\n<p>El postulante de UxP encabez\u00f3 un acto organizado por la la CGT en el estadio DirecTV Arena de la localidad bonaerense de Tortuguitas, adonde lleg\u00f3 junto a su compa\u00f1ero de f\u00f3rmula,\u00a0<strong>Agust\u00edn Rossi<\/strong>, y el ministro del Interior y precandidato a senador nacional bonaerense,\u00a0<strong>Eduardo \u00abWado\u00bb De Pedro<\/strong>, jefe de campa\u00f1a de UxP.<\/p>\n<p>En el estadio lo esperaban los cotitulares cegetistas\u00a0<strong>H\u00e9ctor Daer<\/strong>\u00a0(Sanidad),<strong>\u00a0Pablo Moyano<\/strong>\u00a0(Camioneros) y\u00a0<strong>Carlos Acu\u00f1a<\/strong>\u00a0(Estacioneros), adem\u00e1s del referente de Smata y precandidato a diputado Mario \u00abPaco\u00bb Manrique, entre otros dirigentes.<\/p>\n<p>Ante los gremialistas, Massa\u00a0<strong>se comprometi\u00f3 a \u00abbajar a\u00fan m\u00e1s el Impuesto a las Ganancias, mejorar a\u00fan m\u00e1s las asignaciones familiares, mejorar con suma fija los salarios m\u00e1s bajos y defender las paritarias libres\u00bb<\/strong>, para \u00abgarantizar que en Argentina el salario recupere lo que perdi\u00f3\u00bb con el Gobierno de Mauricio Macri y la pandemia.<\/p>\n<p>El ministro de Econom\u00eda destac\u00f3 que el peronismo est\u00e1 \u00abconvencido\u00bb de que \u00abel hijo de un laburante y un desocupado puede llegar a la universidad y ser Presidente, y tiene derecho para hacerlo\u00bb.<\/p>\n<p>\u00abPuedo tener errores, podemos discutir en muchos temas, pero hay un tema en el que no tienen que tener dudas: voy a ser el presidente del trabajo y los trabajadores\u00bb, se comprometi\u00f3.<\/p>\n<p>En una fuerte de defensa de la identidad nacional, Massa expres\u00f3 que \u00ab<strong>si nos morimos y volvemos a nacer, volvemos a elegir a Argentina como lugar donde nacer<\/strong>\u00ab.<\/p>\n<p>\u00abUna y mil veces elegir\u00eda esta patria, porque soy hijo de inmigrantes y entiendo lo que es la movilidad social ascendente\u00bb, dijo, y\u00a0<strong>cuestion\u00f3 de esa manera a la oposici\u00f3n de Juntos por el Cambio (JxC) por sus consideraciones peyorativas sobre el pa\u00eds<\/strong>.<\/p>\n<p>\u00ab<strong>Escucho que dicen que somos un pa\u00eds de mierda y sin destino, cuestionando al modelo sindical argentino, y nosotros sabemos que el movimiento obrero es la columna vertebral del peronismo<\/strong>\u00ab, subray\u00f3 Massa.<\/p>\n<p>Estas definiciones del ministro y candidato se produjeron despu\u00e9s de que Macri relatara ayer en una entrevista televisiva que su hija Antonia, de 11 a\u00f1os, le hab\u00eda dicho que quer\u00eda irse del pa\u00eds para estudiar en el exterior.<\/p>\n<p>Al convocar al voto, Massa dijo que se necesita \u00abun \u00faltimo esfuerzo, ir a buscar barrio por barrio y pedirle a cada uno de sus vecinos que venga y nos acompa\u00f1e\u00bb.<\/p>\n","protected":false},"excerpt":{"rendered":"<p>El precandidato presidencial de Uni\u00f3n por la Patria (UxP),\u00a0Sergio Massa, advirti\u00f3 hoy que en las PASO del domingo se empezar\u00e1<\/p>\n","protected":false},"author":1,"featured_media":6074,"comment_status":"closed","ping_status":"closed","sticky":false,"template":"","format":"standard","meta":{"footnotes":"","jetpack_publicize_message":"","jetpack_publicize_feature_enabled":true,"jetpack_social_post_already_shared":true,"jetpack_social_options":{"image_generator_settings":{"template":"highway","enabled":false},"version":2}},"categories":[12],"tags":[],"class_list":["post-6073","post","type-post","status-publish","format-standard","has-post-thumbnail","hentry","category-politica"],"jetpack_publicize_connections":[],"_links":{"self":[{"href":"https:\/\/diariorepublica.com.ar\/web\/index.php\/wp-json\/wp\/v2\/posts\/6073"}],"collection":[{"href":"https:\/\/diariorepublica.com.ar\/web\/index.php\/wp-json\/wp\/v2\/posts"}],"about":[{"href":"https:\/\/diariorepublica.com.ar\/web\/index.php\/wp-json\/wp\/v2\/types\/post"}],"author":[{"embeddable":true,"href":"https:\/\/diariorepublica.com.ar\/web\/index.php\/wp-json\/wp\/v2\/users\/1"}],"replies":[{"embeddable":true,"href":"https:\/\/diariorepublica.com.ar\/web\/index.php\/wp-json\/wp\/v2\/comments?post=6073"}],"version-history":[{"count":1,"href":"https:\/\/diariorepublica.com.ar\/web\/index.php\/wp-json\/wp\/v2\/posts\/6073\/revisions"}],"predecessor-version":[{"id":6075,"href":"https:\/\/diariorepublica.com.ar\/web\/index.php\/wp-json\/wp\/v2\/posts\/6073\/revisions\/6075"}],"wp:featuredmedia":[{"embeddable":true,"href":"https:\/\/diariorepublica.com.ar\/web\/index.php\/wp-json\/wp\/v2\/media\/6074"}],"wp:attachment":[{"href":"https:\/\/diariorepublica.com.ar\/web\/index.php\/wp-json\/wp\/v2\/media?parent=6073"}],"wp:term":[{"taxonomy":"category","embeddable":true,"href":"https:\/\/diariorepublica.com.ar\/web\/index.php\/wp-json\/wp\/v2\/categories?post=6073"},{"taxonomy":"post_tag","embeddable":true,"href":"https:\/\/diariorepublica.com.ar\/web\/index.php\/wp-json\/wp\/v2\/tags?post=6073"}],"curies":[{"name":"wp","href":"https:\/\/api.w.org\/{rel}","templated":true}]}}