{"id":6079,"date":"2023-08-08T16:55:00","date_gmt":"2023-08-08T19:55:00","guid":{"rendered":"https:\/\/diariorepublica.com.ar\/web\/?p=6079"},"modified":"2023-08-08T18:56:35","modified_gmt":"2023-08-08T21:56:35","slug":"el-dolar-blue-volvio-a-subir-y-llego-a-un-pico-historico-598","status":"publish","type":"post","link":"https:\/\/diariorepublica.com.ar\/web\/index.php\/economia\/2023\/08\/08\/el-dolar-blue-volvio-a-subir-y-llego-a-un-pico-historico-598\/","title":{"rendered":"El d\u00f3lar blue volvi\u00f3 a subir y lleg\u00f3 a un pico hist\u00f3rico: $598"},"content":{"rendered":"<article class=\"article-body article-body--first-paragraph content-protected-false\" data-td-script-src=\"https:\/\/www.ambito.com\/td\/modulos\/encuestas\/js\/function-embeds-min-version-1660312129.js\">El\u00a0<strong>d\u00f3lar blue\u00a0bati\u00f3 un nuevo r\u00e9cord hist\u00f3rico\u00a0<\/strong>este martes 8 de agosto, al llegar a los $598 y se convirti\u00f3 en en el tipo de cambio m\u00e1s caro del mercado burs\u00e1til. La divisa paralela no encuentra techo, a solo faltan cinco d\u00edas para las elecciones primarias abiertas, simult\u00e1neas y obligatorias (PASO) que definir\u00e1n quienes ser\u00e1n los candidatos para las generales del pr\u00f3ximo 22 de octubre.<\/p>\n<\/article>\n<article class=\"article-body article-body--second-paragraph content-protected-false\">El\u00a0<strong>d\u00f3lar informal\u00a0<\/strong>avanz\u00f3 $2 hasta los $598 para la venta y marc\u00f3 un nuevo r\u00e9cord hist\u00f3rico, seg\u00fan un relevamiento de\u00a0<strong>\u00c1mbito\u00a0<\/strong>en las cuevas de la City. As\u00ed, la\u00a0<strong>brecha\u00a0<\/strong>con el tipo de cambio oficial super\u00f3 el 110% hasta los 110,1%.<\/p>\n<p>La semana previa, el<strong>\u00a0d\u00f3lar informal registr\u00f3 un ascenso de $23<\/strong>, tras acumular en julio, en otro mes de fuertes sobresaltos, un\u00a0<strong>aumento de 11,3%<\/strong>, por encima del d\u00f3lar oficial (+7,2%) y del plazo fijo tradicional (+8,1%). Se trat\u00f3 del mayor incremento mensual para el d\u00f3lar blue desde abril pasado, cuando salt\u00f3 un 18,7%.<\/p>\n<h6>El Banco Central vendi\u00f3 divisas<\/h6>\n<p><strong>El Banco Central vendi\u00f3 hoy US$21 millones\u00a0<\/strong>en el mercado \u00fanico y libre de cambios (MULC), en una jornada en la que el d\u00f3lar agro aport\u00f3 liquidaciones por US$85 millones.<\/p>\n<p>El saldo del d\u00eda de la autoridad monetaria se dio en el marco de las medidas implementadas por el Ministerio de Econom\u00eda para fortalecer las reservas, que incrementaron de $300 a $340 el tipo de cambio diferencial para las exportaciones de econom\u00edas regionales hasta el 31 de agosto.<\/p>\n<p>\u00abEl BCRA termin\u00f3 la jornada con ventas por unos US$ 21 millones para atender las necesidades del mercado\u00bb, se\u00f1al\u00f3 Gustavo Quintana, analista de PR Corredores de Cambio.<\/p>\n<\/article>\n","protected":false},"excerpt":{"rendered":"<p>El\u00a0d\u00f3lar blue\u00a0bati\u00f3 un nuevo r\u00e9cord hist\u00f3rico\u00a0este martes 8 de agosto, al llegar a los $598 y se convirti\u00f3 en en<\/p>\n","protected":false},"author":1,"featured_media":6080,"comment_status":"closed","ping_status":"closed","sticky":false,"template":"","format":"standard","meta":{"footnotes":"","jetpack_publicize_message":"","jetpack_publicize_feature_enabled":true,"jetpack_social_post_already_shared":true,"jetpack_social_options":{"image_generator_settings":{"template":"highway","enabled":false},"version":2}},"categories":[5],"tags":[],"class_list":["post-6079","post","type-post","status-publish","format-standard","has-post-thumbnail","hentry","category-economia"],"jetpack_publicize_connections":[],"_links":{"self":[{"href":"https:\/\/diariorepublica.com.ar\/web\/index.php\/wp-json\/wp\/v2\/posts\/6079"}],"collection":[{"href":"https:\/\/diariorepublica.com.ar\/web\/index.php\/wp-json\/wp\/v2\/posts"}],"about":[{"href":"https:\/\/diariorepublica.com.ar\/web\/index.php\/wp-json\/wp\/v2\/types\/post"}],"author":[{"embeddable":true,"href":"https:\/\/diariorepublica.com.ar\/web\/index.php\/wp-json\/wp\/v2\/users\/1"}],"replies":[{"embeddable":true,"href":"https:\/\/diariorepublica.com.ar\/web\/index.php\/wp-json\/wp\/v2\/comments?post=6079"}],"version-history":[{"count":1,"href":"https:\/\/diariorepublica.com.ar\/web\/index.php\/wp-json\/wp\/v2\/posts\/6079\/revisions"}],"predecessor-version":[{"id":6081,"href":"https:\/\/diariorepublica.com.ar\/web\/index.php\/wp-json\/wp\/v2\/posts\/6079\/revisions\/6081"}],"wp:featuredmedia":[{"embeddable":true,"href":"https:\/\/diariorepublica.com.ar\/web\/index.php\/wp-json\/wp\/v2\/media\/6080"}],"wp:attachment":[{"href":"https:\/\/diariorepublica.com.ar\/web\/index.php\/wp-json\/wp\/v2\/media?parent=6079"}],"wp:term":[{"taxonomy":"category","embeddable":true,"href":"https:\/\/diariorepublica.com.ar\/web\/index.php\/wp-json\/wp\/v2\/categories?post=6079"},{"taxonomy":"post_tag","embeddable":true,"href":"https:\/\/diariorepublica.com.ar\/web\/index.php\/wp-json\/wp\/v2\/tags?post=6079"}],"curies":[{"name":"wp","href":"https:\/\/api.w.org\/{rel}","templated":true}]}}