{"id":608,"date":"2023-03-29T07:44:17","date_gmt":"2023-03-29T10:44:17","guid":{"rendered":"https:\/\/diariorepublica.com.ar\/web\/?p=608"},"modified":"2023-03-29T07:44:18","modified_gmt":"2023-03-29T10:44:18","slug":"hugo-ibarra-dejo-de-ser-el-tecnico-de-boca","status":"publish","type":"post","link":"https:\/\/diariorepublica.com.ar\/web\/index.php\/deportes\/2023\/03\/29\/hugo-ibarra-dejo-de-ser-el-tecnico-de-boca\/","title":{"rendered":"Hugo Ibarra dej\u00f3 de ser el t\u00e9cnico de Boca"},"content":{"rendered":"<p><strong>Hugo Ibarra\u00a0<\/strong>fue desvinculado de la direcci\u00f3n t\u00e9cnica de\u00a0<strong>Boca<\/strong>\u00a0por decisi\u00f3n de su Consejo de F\u00fatbol.<\/p>\n<p>\u00abEste cuerpo t\u00e9cnico no contin\u00faa m\u00e1s y, aunque son amigos, ac\u00e1 no se mezcla eso con el trabajo, as\u00ed que esperamos que llegara el vicepresidente Juan Rom\u00e1n Riquelme para anunciarlo y\u00a0<strong>por ahora el primer equipo lo tomar\u00e1n los entrenadores de reserva\u00bb,<\/strong>\u00a0dijo Mauricio Serna, uno de los miembros del Consejo de F\u00fatbol.<\/p>\n<p>Uno de los apuntados para su reemplazo ser\u00eda\u00a0<strong>Gerardo Martino.<\/strong>\u00a0El \u00abTata\u00bb viene de dirigir al seleccionado mexicano en el Mundial Qatar 2022, en donde comparti\u00f3 el Grupo C con Argentina y cay\u00f3 2 a 0 en el segundo partido para luego irse en la primera ronda del certamen.<\/p>\n<p>El otro de los que se est\u00e1 evaluando para ser el nuevo entrenador ser\u00eda\u00a0<strong>Jos\u00e9 Pekerman<\/strong>. El ex DT de Colombia estuvo a cargo de la selecci\u00f3n de Venezuela desde finales de 2021 hasta 2023 y se fue debido a incumplimientos impuestos por la federaci\u00f3n,\u00a0<strong>siendo una elecci\u00f3n del propio entrenador la salida del equipo y no por los dirigentes venezolanos.<\/strong><\/p>\n<p>El propio \u00abChicho\u00bb Serna confirm\u00f3 que el entrenador de los juveniles,\u00a0<strong>Mariano Herr\u00f3n, ser\u00e1 el encargado de llevar adelante los entrenamientos de Boca al menos hasta el partido de este s\u00e1bados 1 de abril ante Barracas Central<\/strong>\u00a0en condici\u00f3n de visitante.<\/p>\n<h6>El paso del Negro en Boca<\/h6>\n<p>Ibarra fue entrenador del conjunto de La Ribera desde el\u00a0<strong>11 de julio de 2022<\/strong>\u00a0y consigui\u00f3 su primer t\u00edtulo a pocos meses de su asunci\u00f3n.<\/p>\n<p>En total<strong>\u00a0dirigi\u00f3 36 partidos, de los cuales gan\u00f3 20, empat\u00f3 siete y perdi\u00f3 nueve<\/strong>, por lo que tuvo una efectividad del 62 por ciento y conquist\u00f3 la\u00a0<strong>Liga Profesional de 2022 y la Supercopa Argentina del mismo a\u00f1o.<\/strong><\/p>\n","protected":false},"excerpt":{"rendered":"<p>Hugo Ibarra\u00a0fue desvinculado de la direcci\u00f3n t\u00e9cnica de\u00a0Boca\u00a0por decisi\u00f3n de su Consejo de F\u00fatbol. \u00abEste cuerpo t\u00e9cnico no contin\u00faa m\u00e1s<\/p>\n","protected":false},"author":1,"featured_media":609,"comment_status":"closed","ping_status":"closed","sticky":false,"template":"","format":"standard","meta":{"footnotes":"","jetpack_publicize_message":"","jetpack_publicize_feature_enabled":true,"jetpack_social_post_already_shared":false,"jetpack_social_options":{"image_generator_settings":{"template":"highway","enabled":false},"version":2}},"categories":[9],"tags":[],"class_list":["post-608","post","type-post","status-publish","format-standard","has-post-thumbnail","hentry","category-deportes"],"jetpack_publicize_connections":[],"_links":{"self":[{"href":"https:\/\/diariorepublica.com.ar\/web\/index.php\/wp-json\/wp\/v2\/posts\/608"}],"collection":[{"href":"https:\/\/diariorepublica.com.ar\/web\/index.php\/wp-json\/wp\/v2\/posts"}],"about":[{"href":"https:\/\/diariorepublica.com.ar\/web\/index.php\/wp-json\/wp\/v2\/types\/post"}],"author":[{"embeddable":true,"href":"https:\/\/diariorepublica.com.ar\/web\/index.php\/wp-json\/wp\/v2\/users\/1"}],"replies":[{"embeddable":true,"href":"https:\/\/diariorepublica.com.ar\/web\/index.php\/wp-json\/wp\/v2\/comments?post=608"}],"version-history":[{"count":1,"href":"https:\/\/diariorepublica.com.ar\/web\/index.php\/wp-json\/wp\/v2\/posts\/608\/revisions"}],"predecessor-version":[{"id":610,"href":"https:\/\/diariorepublica.com.ar\/web\/index.php\/wp-json\/wp\/v2\/posts\/608\/revisions\/610"}],"wp:featuredmedia":[{"embeddable":true,"href":"https:\/\/diariorepublica.com.ar\/web\/index.php\/wp-json\/wp\/v2\/media\/609"}],"wp:attachment":[{"href":"https:\/\/diariorepublica.com.ar\/web\/index.php\/wp-json\/wp\/v2\/media?parent=608"}],"wp:term":[{"taxonomy":"category","embeddable":true,"href":"https:\/\/diariorepublica.com.ar\/web\/index.php\/wp-json\/wp\/v2\/categories?post=608"},{"taxonomy":"post_tag","embeddable":true,"href":"https:\/\/diariorepublica.com.ar\/web\/index.php\/wp-json\/wp\/v2\/tags?post=608"}],"curies":[{"name":"wp","href":"https:\/\/api.w.org\/{rel}","templated":true}]}}