{"id":6106,"date":"2023-08-09T07:51:57","date_gmt":"2023-08-09T10:51:57","guid":{"rendered":"https:\/\/diariorepublica.com.ar\/web\/?p=6106"},"modified":"2023-08-09T07:52:01","modified_gmt":"2023-08-09T10:52:01","slug":"el-frente-de-trabajadores-estatales-unidos-hara-su-segunda-movilizacion","status":"publish","type":"post","link":"https:\/\/diariorepublica.com.ar\/web\/index.php\/sociedad\/2023\/08\/09\/el-frente-de-trabajadores-estatales-unidos-hara-su-segunda-movilizacion\/","title":{"rendered":"El Frente de Trabajadores Estatales Unidos har\u00e1 su segunda movilizaci\u00f3n"},"content":{"rendered":"<p>Luego de la primera marcha realizada el pasado jueves, el Frente de Trabajadores Estatales Unidos de la provincia prepara la segunda, la cual se realizar\u00e1 ma\u00f1ana y concluir\u00e1 en el CAPE.<\/p>\n<p>De acuerdo a lo dado a conocer por las fuentes consultas, la manifestaci\u00f3n para el d\u00eda jueves est\u00e1 prevista para las 10.00, ocasi\u00f3n en la cual se har\u00e1 la concentraci\u00f3n en avenida Alem y Belgrano, para luego dirigirse al CAPE. La decisi\u00f3n de realizar este cambio obedece a que es un pedido de los trabajadores para poder participar.<\/p>\n<p>Este Frente de Trabajadores Estatales Unidos lo integran los empleados de la Administraci\u00f3n P\u00fablica Provincial nucleados en los gremios Aprosca, ARCA, IPV, APOC y Autoconvocados de la Salud.<\/p>\n<p>El reclamo del Frente de Trabajadores es para lograr una mejor liquidaci\u00f3n de los haberes, dado que entienden que los incrementos otorgados no se corresponden con la situaci\u00f3n inflacionaria.<\/p>\n","protected":false},"excerpt":{"rendered":"<p>Luego de la primera marcha realizada el pasado jueves, el Frente de Trabajadores Estatales Unidos de la provincia prepara la<\/p>\n","protected":false},"author":2,"featured_media":6109,"comment_status":"closed","ping_status":"closed","sticky":false,"template":"","format":"standard","meta":{"footnotes":"","jetpack_publicize_message":"","jetpack_publicize_feature_enabled":true,"jetpack_social_post_already_shared":true,"jetpack_social_options":{"image_generator_settings":{"template":"highway","enabled":false},"version":2}},"categories":[3],"tags":[],"class_list":["post-6106","post","type-post","status-publish","format-standard","has-post-thumbnail","hentry","category-sociedad"],"jetpack_publicize_connections":[],"_links":{"self":[{"href":"https:\/\/diariorepublica.com.ar\/web\/index.php\/wp-json\/wp\/v2\/posts\/6106"}],"collection":[{"href":"https:\/\/diariorepublica.com.ar\/web\/index.php\/wp-json\/wp\/v2\/posts"}],"about":[{"href":"https:\/\/diariorepublica.com.ar\/web\/index.php\/wp-json\/wp\/v2\/types\/post"}],"author":[{"embeddable":true,"href":"https:\/\/diariorepublica.com.ar\/web\/index.php\/wp-json\/wp\/v2\/users\/2"}],"replies":[{"embeddable":true,"href":"https:\/\/diariorepublica.com.ar\/web\/index.php\/wp-json\/wp\/v2\/comments?post=6106"}],"version-history":[{"count":1,"href":"https:\/\/diariorepublica.com.ar\/web\/index.php\/wp-json\/wp\/v2\/posts\/6106\/revisions"}],"predecessor-version":[{"id":6110,"href":"https:\/\/diariorepublica.com.ar\/web\/index.php\/wp-json\/wp\/v2\/posts\/6106\/revisions\/6110"}],"wp:featuredmedia":[{"embeddable":true,"href":"https:\/\/diariorepublica.com.ar\/web\/index.php\/wp-json\/wp\/v2\/media\/6109"}],"wp:attachment":[{"href":"https:\/\/diariorepublica.com.ar\/web\/index.php\/wp-json\/wp\/v2\/media?parent=6106"}],"wp:term":[{"taxonomy":"category","embeddable":true,"href":"https:\/\/diariorepublica.com.ar\/web\/index.php\/wp-json\/wp\/v2\/categories?post=6106"},{"taxonomy":"post_tag","embeddable":true,"href":"https:\/\/diariorepublica.com.ar\/web\/index.php\/wp-json\/wp\/v2\/tags?post=6106"}],"curies":[{"name":"wp","href":"https:\/\/api.w.org\/{rel}","templated":true}]}}