{"id":6111,"date":"2023-08-09T07:58:08","date_gmt":"2023-08-09T10:58:08","guid":{"rendered":"https:\/\/diariorepublica.com.ar\/web\/?p=6111"},"modified":"2023-08-09T07:58:12","modified_gmt":"2023-08-09T10:58:12","slug":"gana-catamarca-es-una-propuesta-politica-solida","status":"publish","type":"post","link":"https:\/\/diariorepublica.com.ar\/web\/index.php\/politica\/2023\/08\/09\/gana-catamarca-es-una-propuesta-politica-solida\/","title":{"rendered":"\u201cGana Catamarca es una propuesta pol\u00edtica s\u00f3lida\u201d"},"content":{"rendered":"<p>El precandidato de la lista Gana Catamarca Francisco Monti, que aspira a ser el representante de Juntos por el Cambio en la categor\u00eda de intendente de la Capital, se mostr\u00f3 muy optimista de cara a las elecciones primarias del pr\u00f3ximo domingo.<\/p>\n<p>Monti reconoci\u00f3 que \u00abestamos viviendo con mucha intensidad estos d\u00edas\u00bb previos a las PASO, y que desde su sector se est\u00e1 \u00abtratando de reflejar en pocos d\u00edas un trabajo de mucho tiempo. \u00abNos hacen merecedores de creer que es una propuesta pol\u00edtica s\u00f3lida\u00bb, resalt\u00f3.<\/p>\n<p>Para el referente opositor, \u00abla gente est\u00e1 convencida de que Catamarca tiene que cambiar. No se trata de inventar la p\u00f3lvora, sino hacer las cosas bien\u00bb. Y agreg\u00f3: \u00abNuestro verdadero adversario es el Frente de Todos que lleva a Massa y Jalil que andan escondidos\u00bb.<\/p>\n<p>\u00abCreo seriamente que Patricia Bullrich est\u00e1 ganando notablemente la interna de Juntos por el Cambio y que la formula Fama-\u00c1vila es claramente la m\u00e1s competitiva y que adem\u00e1s es la que m\u00e1s tiene posibilidad de ganar en octubre\u00bb, se entusiasm\u00f3.<\/p>\n<p>Por otra parte, al referirse al gobierno de Gustavo Saadi, fue muy cr\u00edtico, al sostener que \u00abes un gobierno que tiene mucha capacidad de propaganda en donde les muestra a los vecinos de la ciudad cosas que no tienen nada que ver con los interese de las personas\u00bb.<\/p>\n<p>\u00abEn Catamarca estamos viviendo en una de las ciudades m\u00e1s pobres de la Argentina. Al mismo tiempo no hay trabajo. Hace falta apoyar a los emprendedores y trabajadores, y para eso tenemos que ampliar la capacidad crediticia a trav\u00e9s del conocimiento\u00bb, explic\u00f3.<\/p>\n<p>En cuanto a la situaci\u00f3n en la salud p\u00fablica, se\u00f1al\u00f3 que \u00abtenemos que trabajar muy severamente, pagarles bien a los profesionales, darles insumos y mejorar la infraestructura, y no tolerar que no se cumplan los horarios en la parte publica de la salud\u00bb.<\/p>\n<p>\u00abVamos a hacer un pacto, vamos a pagar bien y vamos a exigir. Al que no le guste se tiene que ir\u00bb, prometi\u00f3.<\/p>\n<p>El legislador tambi\u00e9n hablo sobre la inseguridad que se vive en la Capital: \u00abNos hacen propaganda de las luces led y al mismo tiempo la gente anda encerrada. Vemos un municipio que atiende parte de los problemas de la gente, pero no los problemas m\u00e1s profundos como ser las adicciones, la falta de empleo y el desastre en el sistema educativo\u00bb.<\/p>\n<p>En este punto, Monti sentenci\u00f3: \u00abCreo que la gesti\u00f3n es muy pobre y vamos a dar el debate y la discusi\u00f3n hasta el \u00faltimo momento\u00bb.<\/p>\n","protected":false},"excerpt":{"rendered":"<p>El precandidato de la lista Gana Catamarca Francisco Monti, que aspira a ser el representante de Juntos por el Cambio<\/p>\n","protected":false},"author":2,"featured_media":6112,"comment_status":"closed","ping_status":"closed","sticky":false,"template":"","format":"standard","meta":{"footnotes":"","jetpack_publicize_message":"","jetpack_publicize_feature_enabled":true,"jetpack_social_post_already_shared":true,"jetpack_social_options":{"image_generator_settings":{"template":"highway","enabled":false},"version":2}},"categories":[12],"tags":[],"class_list":["post-6111","post","type-post","status-publish","format-standard","has-post-thumbnail","hentry","category-politica"],"jetpack_publicize_connections":[],"_links":{"self":[{"href":"https:\/\/diariorepublica.com.ar\/web\/index.php\/wp-json\/wp\/v2\/posts\/6111"}],"collection":[{"href":"https:\/\/diariorepublica.com.ar\/web\/index.php\/wp-json\/wp\/v2\/posts"}],"about":[{"href":"https:\/\/diariorepublica.com.ar\/web\/index.php\/wp-json\/wp\/v2\/types\/post"}],"author":[{"embeddable":true,"href":"https:\/\/diariorepublica.com.ar\/web\/index.php\/wp-json\/wp\/v2\/users\/2"}],"replies":[{"embeddable":true,"href":"https:\/\/diariorepublica.com.ar\/web\/index.php\/wp-json\/wp\/v2\/comments?post=6111"}],"version-history":[{"count":1,"href":"https:\/\/diariorepublica.com.ar\/web\/index.php\/wp-json\/wp\/v2\/posts\/6111\/revisions"}],"predecessor-version":[{"id":6113,"href":"https:\/\/diariorepublica.com.ar\/web\/index.php\/wp-json\/wp\/v2\/posts\/6111\/revisions\/6113"}],"wp:featuredmedia":[{"embeddable":true,"href":"https:\/\/diariorepublica.com.ar\/web\/index.php\/wp-json\/wp\/v2\/media\/6112"}],"wp:attachment":[{"href":"https:\/\/diariorepublica.com.ar\/web\/index.php\/wp-json\/wp\/v2\/media?parent=6111"}],"wp:term":[{"taxonomy":"category","embeddable":true,"href":"https:\/\/diariorepublica.com.ar\/web\/index.php\/wp-json\/wp\/v2\/categories?post=6111"},{"taxonomy":"post_tag","embeddable":true,"href":"https:\/\/diariorepublica.com.ar\/web\/index.php\/wp-json\/wp\/v2\/tags?post=6111"}],"curies":[{"name":"wp","href":"https:\/\/api.w.org\/{rel}","templated":true}]}}