{"id":6149,"date":"2023-08-09T18:22:52","date_gmt":"2023-08-09T21:22:52","guid":{"rendered":"https:\/\/diariorepublica.com.ar\/web\/?p=6149"},"modified":"2023-08-09T18:22:56","modified_gmt":"2023-08-09T21:22:56","slug":"candidatos-suspenden-sus-cierres-de-campana-por-el-crimen-de-morena","status":"publish","type":"post","link":"https:\/\/diariorepublica.com.ar\/web\/index.php\/politica\/2023\/08\/09\/candidatos-suspenden-sus-cierres-de-campana-por-el-crimen-de-morena\/","title":{"rendered":"Candidatos suspenden sus cierres de campa\u00f1a por el crimen de Morena"},"content":{"rendered":"<article id=\"article-post\" class=\"first\">\n<div class=\"cuerpo\" data-twitter-link=\"https:\/\/twitter.com\/intent\/tweet?url=https:\/\/www.diariopopular.com.ar\/c733829&amp;via=poopulardiario&amp;related=Popular&amp;text=\">\n<p>La\u00a0<strong>muerte de Morena Dom\u00ednguez, la nena de 11 a\u00f1os de Lan\u00fas que falleci\u00f3 tras ser v\u00edctima de un ataque de motochorros<\/strong>\u00a0cuando iba caminando a su escuela, atraves\u00f3 la agenda electoral y llev\u00f3 a los\u00a0<strong>precandidatos de las principales fuerzas que competir\u00e1n en las PASO del domingo pr\u00f3ximo a suspender sus actos de cierre de campa\u00f1a<\/strong>\u00a0previstos para este mi\u00e9rcoles y jueves.<\/p>\n<\/div>\n<\/article>\n<article id=\"article-post\">\n<div class=\"cuerpo\" data-twitter-link=\"https:\/\/twitter.com\/intent\/tweet?url=https:\/\/www.diariopopular.com.ar\/c733829&amp;via=poopulardiario&amp;related=Popular&amp;text=\">\n<p>El hecho moviliz\u00f3 en la zona a vecinos y a allegados a la v\u00edctima, mientras la c\u00fapula policial y el ministro de Seguridad bonaerense,\u00a0<strong>Sergio Berni<\/strong>, se reunieron en la comisar\u00eda 5ta. de Lan\u00fas, donde adem\u00e1s fueron alojados dos adolescentes detenidos como sospechosos de haber participado del asalto.<\/p>\n<p>Los vecinos, amigos y familiares de Morena Dom\u00ednguez se concentraban tambi\u00e9n en la Plaza Giardino, ubicada en la calle San Vladimiro 5540 de Lan\u00fas, para pedir justicia y m\u00e1s seguridad en la zona. En este marco, el gobernador de la provincia de Buenos Aires y precandidato a la reelecci\u00f3n,\u00a0<strong>Axel Kicillof, suspendi\u00f3 el acto de cierre de campa\u00f1a que iba a realizarse en el municipio de Merlo, adonde asistir\u00eda tambi\u00e9n el precandidato presidencial de UxP, Sergio Massa<\/strong>.<\/p>\n<p>\u00abEn virtud del doloroso y tr\u00e1gico crimen de Morena Dom\u00ednguez, ocurrido esta ma\u00f1ana en Lan\u00fas, se decidi\u00f3 suspender el acto de campa\u00f1a previsto para esta tarde en Merlo\u00bb, expres\u00f3 un comunicado oficial en el que adem\u00e1s se remarc\u00f3 que \u00abfrente a esta tragedia, el Gobierno provincial est\u00e1 coordinando tareas y esfuerzos con el Gobierno de Lan\u00fas\u00bb.<\/p>\n<p>En el comunicado tambi\u00e9n se expres\u00f3 que \u00abnada devolver\u00e1 la vida de Morena, pero este crimen tan espantoso, que conmueve a toda la comunidad no quedar\u00e1 impune\u00bb. \u00abPor indicaci\u00f3n del gobernador, se abocaron de inmediato al tema la Direcci\u00f3n General de Cultura y Educaci\u00f3n, el Ministerio de Salud y el \u00e1rea de asistencia a las v\u00edctimas del Ministerio de Justicia. Por su parte, el Ministro de Seguridad lidera la b\u00fasqueda de los criminales que afortunadamente arroj\u00f3 sus primeros resultados\u00bb, apunt\u00f3 el texto oficial.<\/p>\n<p>Se remarc\u00f3 adem\u00e1s desde la administraci\u00f3n bonaerense que \u00ablos esfuerzos en estas horas est\u00e1n orientados a la coordinaci\u00f3n con el gobierno local, a la contenci\u00f3n de la familia y de la comunidad escolar y a la persecuci\u00f3n de los criminales\u00bb.<\/p>\n<p>El acto de cierre estaba previsto a partir de las 15 en el gimnasio del Club Deportivo Merlo, adonde se esperaba la asistencia del ministro de Interior y precandidato a senador nacional\u00a0<strong>Eduardo &#8216;Wado&#8217; de Pedro<\/strong>; los postulantes a diputados nacionales; la vicegobernadora,\u00a0<strong>Ver\u00f3nica Magario<\/strong>; el jefe comunal de ese distrito -en uso de licencia-,\u00a0<strong>Gustavo Men\u00e9ndez<\/strong>, intendentes bonaerenses y todos los miembros del Gabinete.<\/p>\n<p>De igual manera, el frente oficialista cancel\u00f3 el cierre previsto para ma\u00f1ana en el Teatro Argentino de La Plata \u00abante el doloroso crimen de Morena\u00bb. Ese acto iba a ser encabezado por Massa. Su contrincante en la interna de UxP,\u00a0<strong>Juan Grabois<\/strong>, hizo lo propio y dio de baja su acto que iba a tener lugar en el Microestadio \u00abMalvinas Argentinas\u00bb de Capital Federal.<\/p>\n<p>Tambi\u00e9n, en declaraciones a Radio Continental, el jefe de Gabinete y precandidato a vicepresidente,\u00a0<strong>Agust\u00edn Rossi<\/strong>, lament\u00f3 el \u00abhecho tr\u00e1gico\u00bb y sostuvo que hay que \u00abredoblar los esfuerzos para generar mayor seguridad para los argentinos\u00bb.<\/p>\n<p>De igual manera,\u00a0<strong>la precandidata presidencial de JxC Patricia Bullrich y el aspirante a gobernador bonaerense por ese espacio, N\u00e9stor Grindetti, suspendieron la actividad que pon\u00eda fin a la campa\u00f1a electoral<\/strong>, agendada para el jueves en el microestadio de Lan\u00fas.<\/p>\n<p>\u00abDebido a los tristes hechos de p\u00fablico conocimiento enviamos nuestras condolencias y solidaridad a la familia y amigos de Morena. Hemos decidido suspender el acto de cierre en la provincia de Buenos Aires previsto para ma\u00f1ana\u00bb, asegur\u00f3 por Twitter Juan Pablo Arenaza, uno de los coordinadores de la campa\u00f1a.<\/p>\n<div id=\"embed22_wrap\" class=\"embed_cont type_freetext\" contenteditable=\"false\">\n<div id=\"embed22_content\" class=\"embed_content\">\n<div id=\"embed22_embed\">\n<div class=\"twitter-tweet twitter-tweet-rendered\"><iframe id=\"twitter-widget-0\" class=\"\" title=\"Twitter Tweet\" src=\"https:\/\/platform.twitter.com\/embed\/Tweet.html?creatorScreenName=diariopopular&amp;dnt=false&amp;embedId=twitter-widget-0&amp;features=eyJ0ZndfdGltZWxpbmVfbGlzdCI6eyJidWNrZXQiOltdLCJ2ZXJzaW9uIjpudWxsfSwidGZ3X2ZvbGxvd2VyX2NvdW50X3N1bnNldCI6eyJidWNrZXQiOnRydWUsInZlcnNpb24iOm51bGx9LCJ0ZndfdHdlZXRfZWRpdF9iYWNrZW5kIjp7ImJ1Y2tldCI6Im9uIiwidmVyc2lvbiI6bnVsbH0sInRmd19yZWZzcmNfc2Vzc2lvbiI6eyJidWNrZXQiOiJvbiIsInZlcnNpb24iOm51bGx9LCJ0ZndfZm9zbnJfc29mdF9pbnRlcnZlbnRpb25zX2VuYWJsZWQiOnsiYnVja2V0Ijoib24iLCJ2ZXJzaW9uIjpudWxsfSwidGZ3X21peGVkX21lZGlhXzE1ODk3Ijp7ImJ1Y2tldCI6InRyZWF0bWVudCIsInZlcnNpb24iOm51bGx9LCJ0ZndfZXhwZXJpbWVudHNfY29va2llX2V4cGlyYXRpb24iOnsiYnVja2V0IjoxMjA5NjAwLCJ2ZXJzaW9uIjpudWxsfSwidGZ3X3Nob3dfYmlyZHdhdGNoX3Bpdm90c19lbmFibGVkIjp7ImJ1Y2tldCI6Im9uIiwidmVyc2lvbiI6bnVsbH0sInRmd19kdXBsaWNhdGVfc2NyaWJlc190b19zZXR0aW5ncyI6eyJidWNrZXQiOiJvbiIsInZlcnNpb24iOm51bGx9LCJ0ZndfdXNlX3Byb2ZpbGVfaW1hZ2Vfc2hhcGVfZW5hYmxlZCI6eyJidWNrZXQiOiJvbiIsInZlcnNpb24iOm51bGx9LCJ0ZndfdmlkZW9faGxzX2R5bmFtaWNfbWFuaWZlc3RzXzE1MDgyIjp7ImJ1Y2tldCI6InRydWVfYml0cmF0ZSIsInZlcnNpb24iOm51bGx9LCJ0ZndfbGVnYWN5X3RpbWVsaW5lX3N1bnNldCI6eyJidWNrZXQiOnRydWUsInZlcnNpb24iOm51bGx9LCJ0ZndfdHdlZXRfZWRpdF9mcm9udGVuZCI6eyJidWNrZXQiOiJvbiIsInZlcnNpb24iOm51bGx9fQ%3D%3D&amp;frame=false&amp;hideCard=false&amp;hideThread=false&amp;id=1689316385917210624&amp;lang=en&amp;origin=https%3A%2F%2Fwww.diariopopular.com.ar%2Fpolitica%2Fcandidatos-suspenden-sus-cierres-campana-el-crimen-morena-dominguez-n733829&amp;sessionId=d8dca1175eb6b7fe271d5f4a1d7092ccb2681871&amp;siteScreenName=diariopopular&amp;theme=light&amp;widgetsVersion=aaf4084522e3a%3A1674595607486&amp;width=550px\" frameborder=\"0\" scrolling=\"no\" allowfullscreen=\"allowfullscreen\" data-gtm-yt-inspected-12=\"true\" data-tweet-id=\"1689316385917210624\" data-mce-fragment=\"1\"><\/iframe><\/div>\n<\/div>\n<\/div>\n<div id=\"embed22_epigrafe\" class=\"embed_epigrafe\"><\/div>\n<div id=\"embed22_copyright\" class=\"embed_copyright\"><\/div>\n<\/div>\n<p>Previamente, tanto Grindetti, intendente de Lan\u00fas, como Diego Kravetz, jefe de gabinete municipal y postulante a la intendencia en ese municipio, hab\u00edan anunciado que frenaban sus respectivas campa\u00f1as para establecer un comit\u00e9 de crisis municipal por la muerte de Morena Dom\u00ednguez.<\/p>\n<p>Tambi\u00e9n\u00a0<strong>suspendi\u00f3 su acto central del jueves el otro precandidato presidencial de JxC, Horacio Rodr\u00edguez Larreta, quien ten\u00eda planeado reunir a sus seguidores en el club Atenas, en la ciudad bonaerense de La Plata<\/strong>, junto a su candidato a gobernador bonaerense, Diego Santilli, y al intendente de La Plata, Julio Garro.<\/p>\n<p>Los precandidatos a intendente de Lan\u00fas por Uni\u00f3n por la Patria (UxP), Juli\u00e1n \u00c1lvarez, Nicol\u00e1s Russo y Agust\u00edn Balladares declinaron tambi\u00e9n sus actividades de campa\u00f1a de hoy y expresaron en las redes sociales pedidos de justicia, solidaridad con la familia de la ni\u00f1a y repudio al ataque criminal.<\/p>\n<p>Se sum\u00f3 a esta decisi\u00f3n, pero en la ciudad de Buenos Aires, el senador nacional y precandidato a jefe de Gobierno porte\u00f1o de JxC Mart\u00edn Lousteau, quien suspendi\u00f3 el mensaje final y toda la actividad de campa\u00f1a prevista en Parque Centenario.<\/p>\n<p>Tambi\u00e9n, los precandidatos de la izquierda de la lista presidencial encabezada por Gabriel Solano y Vilma Ripoll cancelaron el \u201cCabildo Abierto\u201d que estaba previsto para esta tarde en Plaza de Mayo.<\/p>\n<\/div>\n<\/article>\n","protected":false},"excerpt":{"rendered":"<p>La\u00a0muerte de Morena Dom\u00ednguez, la nena de 11 a\u00f1os de Lan\u00fas que falleci\u00f3 tras ser v\u00edctima de un ataque de<\/p>\n","protected":false},"author":1,"featured_media":6150,"comment_status":"closed","ping_status":"closed","sticky":false,"template":"","format":"standard","meta":{"footnotes":"","jetpack_publicize_message":"","jetpack_publicize_feature_enabled":true,"jetpack_social_post_already_shared":true,"jetpack_social_options":{"image_generator_settings":{"template":"highway","enabled":false},"version":2}},"categories":[12],"tags":[],"class_list":["post-6149","post","type-post","status-publish","format-standard","has-post-thumbnail","hentry","category-politica"],"jetpack_publicize_connections":[],"_links":{"self":[{"href":"https:\/\/diariorepublica.com.ar\/web\/index.php\/wp-json\/wp\/v2\/posts\/6149"}],"collection":[{"href":"https:\/\/diariorepublica.com.ar\/web\/index.php\/wp-json\/wp\/v2\/posts"}],"about":[{"href":"https:\/\/diariorepublica.com.ar\/web\/index.php\/wp-json\/wp\/v2\/types\/post"}],"author":[{"embeddable":true,"href":"https:\/\/diariorepublica.com.ar\/web\/index.php\/wp-json\/wp\/v2\/users\/1"}],"replies":[{"embeddable":true,"href":"https:\/\/diariorepublica.com.ar\/web\/index.php\/wp-json\/wp\/v2\/comments?post=6149"}],"version-history":[{"count":1,"href":"https:\/\/diariorepublica.com.ar\/web\/index.php\/wp-json\/wp\/v2\/posts\/6149\/revisions"}],"predecessor-version":[{"id":6151,"href":"https:\/\/diariorepublica.com.ar\/web\/index.php\/wp-json\/wp\/v2\/posts\/6149\/revisions\/6151"}],"wp:featuredmedia":[{"embeddable":true,"href":"https:\/\/diariorepublica.com.ar\/web\/index.php\/wp-json\/wp\/v2\/media\/6150"}],"wp:attachment":[{"href":"https:\/\/diariorepublica.com.ar\/web\/index.php\/wp-json\/wp\/v2\/media?parent=6149"}],"wp:term":[{"taxonomy":"category","embeddable":true,"href":"https:\/\/diariorepublica.com.ar\/web\/index.php\/wp-json\/wp\/v2\/categories?post=6149"},{"taxonomy":"post_tag","embeddable":true,"href":"https:\/\/diariorepublica.com.ar\/web\/index.php\/wp-json\/wp\/v2\/tags?post=6149"}],"curies":[{"name":"wp","href":"https:\/\/api.w.org\/{rel}","templated":true}]}}