{"id":6161,"date":"2023-08-10T06:48:29","date_gmt":"2023-08-10T09:48:29","guid":{"rendered":"https:\/\/diariorepublica.com.ar\/web\/?p=6161"},"modified":"2023-08-10T06:48:33","modified_gmt":"2023-08-10T09:48:33","slug":"atencion-del-registro-civil-por-las-paso-2023","status":"publish","type":"post","link":"https:\/\/diariorepublica.com.ar\/web\/index.php\/sociedad\/2023\/08\/10\/atencion-del-registro-civil-por-las-paso-2023\/","title":{"rendered":"Atenci\u00f3n del Registro Civil por las PASO 2023"},"content":{"rendered":"<p>El Registro Civil Catamarca, anunci\u00f3 su plan operativo para los d\u00edas cercanos a las elecciones PASO 2023. Como parte de su compromiso con los catamarque\u00f1os, se establecieron horarios especiales para garantizar la atenci\u00f3n de los ciudadanos.<br \/>\nEn la Capital, espec\u00edficamente en la Oficina Central ubicada en Rep\u00fablica 1052, se ofrecer\u00e1 atenci\u00f3n el s\u00e1bado 12 de agosto de 8 a 13 horas, permitiendo a los ciudadanos \u00fanicamente retirar sus correspondientes DNI, previo a la jornada electoral. Adem\u00e1s, en un gesto de servicio excepcional, se ampliar\u00e1 el horario el domingo 13 de agosto de 8 a 18 horas, facilitando la realizaci\u00f3n de gestiones, incluso en el d\u00eda de las elecciones.<br \/>\nLas delegaciones del interior de la provincia tambi\u00e9n se suman a este esfuerzo de atenci\u00f3n extendida, abriendo sus puertas el domingo 13 de agosto de 8 a 18 horas para atender a los ciudadanos que necesiten retirar su DNI en el Registro Civil.<br \/>\nEn cuanto a este aspecto, cabe destacar que, el p\u00fablico que realiz\u00f3 sus tr\u00e1mites con 10 d\u00edas o m\u00e1s de antelaci\u00f3n a esta fecha puede pasar por el Registro Civil con su certificado del tr\u00e1mite.<\/p>\n<p>Cu\u00e1les son las modalidades de DNI que se pueden tramitar<\/p>\n<p>Es importante destacar que se ofrecen dos modalidades de servicio de DNI. Por un lado, el DNI Expr\u00e9s, con un costo de $1500, que puede abonarse con tarjeta de d\u00e9bito o cr\u00e9dito y su emisi\u00f3n demora 48 horas, brindando una soluci\u00f3n \u00e1gil y eficiente para quienes requieran su documento en un corto plazo. Por otro lado, est\u00e1 disponible el DNI regular, que lleva un tiempo estimado de 20 d\u00edas para su emisi\u00f3n.<\/p>\n<p>Qu\u00e9 sucede con los DNI que no se retiran<\/p>\n<p>Cabe mencionar que, en l\u00ednea con las pol\u00edticas de seguridad, los DNI que no son retirados en un lapso de un a\u00f1o despu\u00e9s de su emisi\u00f3n se devuelven a la f\u00e1brica de RENAPER para su posterior destrucci\u00f3n. Esta medida tiene como objetivo garantizar la integridad de la informaci\u00f3n personal y prevenir cualquier uso indebido de los documentos.<br \/>\nEn resumen, el Registro Civil Catamarca se prepara para brindar atenci\u00f3n especial durante los d\u00edas que rodean las elecciones PASO 2023, permitiendo a los ciudadanos retirar sus documentos a tiempo para poder votar.<\/p>\n","protected":false},"excerpt":{"rendered":"<p>El Registro Civil Catamarca, anunci\u00f3 su plan operativo para los d\u00edas cercanos a las elecciones PASO 2023. Como parte de<\/p>\n","protected":false},"author":2,"featured_media":6162,"comment_status":"closed","ping_status":"closed","sticky":false,"template":"","format":"standard","meta":{"footnotes":"","jetpack_publicize_message":"","jetpack_publicize_feature_enabled":true,"jetpack_social_post_already_shared":true,"jetpack_social_options":{"image_generator_settings":{"template":"highway","enabled":false},"version":2}},"categories":[3],"tags":[],"class_list":["post-6161","post","type-post","status-publish","format-standard","has-post-thumbnail","hentry","category-sociedad"],"jetpack_publicize_connections":[],"_links":{"self":[{"href":"https:\/\/diariorepublica.com.ar\/web\/index.php\/wp-json\/wp\/v2\/posts\/6161"}],"collection":[{"href":"https:\/\/diariorepublica.com.ar\/web\/index.php\/wp-json\/wp\/v2\/posts"}],"about":[{"href":"https:\/\/diariorepublica.com.ar\/web\/index.php\/wp-json\/wp\/v2\/types\/post"}],"author":[{"embeddable":true,"href":"https:\/\/diariorepublica.com.ar\/web\/index.php\/wp-json\/wp\/v2\/users\/2"}],"replies":[{"embeddable":true,"href":"https:\/\/diariorepublica.com.ar\/web\/index.php\/wp-json\/wp\/v2\/comments?post=6161"}],"version-history":[{"count":1,"href":"https:\/\/diariorepublica.com.ar\/web\/index.php\/wp-json\/wp\/v2\/posts\/6161\/revisions"}],"predecessor-version":[{"id":6163,"href":"https:\/\/diariorepublica.com.ar\/web\/index.php\/wp-json\/wp\/v2\/posts\/6161\/revisions\/6163"}],"wp:featuredmedia":[{"embeddable":true,"href":"https:\/\/diariorepublica.com.ar\/web\/index.php\/wp-json\/wp\/v2\/media\/6162"}],"wp:attachment":[{"href":"https:\/\/diariorepublica.com.ar\/web\/index.php\/wp-json\/wp\/v2\/media?parent=6161"}],"wp:term":[{"taxonomy":"category","embeddable":true,"href":"https:\/\/diariorepublica.com.ar\/web\/index.php\/wp-json\/wp\/v2\/categories?post=6161"},{"taxonomy":"post_tag","embeddable":true,"href":"https:\/\/diariorepublica.com.ar\/web\/index.php\/wp-json\/wp\/v2\/tags?post=6161"}],"curies":[{"name":"wp","href":"https:\/\/api.w.org\/{rel}","templated":true}]}}