{"id":6184,"date":"2023-08-10T07:38:13","date_gmt":"2023-08-10T10:38:13","guid":{"rendered":"https:\/\/diariorepublica.com.ar\/web\/?p=6184"},"modified":"2023-08-10T07:38:18","modified_gmt":"2023-08-10T10:38:18","slug":"veda-electoral-que-es-a-que-hora-empieza-y-que-no-se-puede-hacer","status":"publish","type":"post","link":"https:\/\/diariorepublica.com.ar\/web\/index.php\/politica\/2023\/08\/10\/veda-electoral-que-es-a-que-hora-empieza-y-que-no-se-puede-hacer\/","title":{"rendered":"Veda electoral: \u00bfQu\u00e9 es, a qu\u00e9 hora empieza y qu\u00e9 no se puede hacer?"},"content":{"rendered":"<p>La veda electoral por las elecciones PASO 2023 comenzar\u00e1 a regir a partir del viernes 11 de agosto a las 8 de la ma\u00f1ana y finalizar\u00e1 el domingo 13 a las 21. As\u00ed lo establece el marco normativo del C\u00f3digo Nacional Electoral.<\/p>\n<p>Durante ese per\u00edodo de tiempo los electores deber\u00e1n acatar las restricciones que entrar\u00e1n en vigencia. Adem\u00e1s de las actividades propias de campa\u00f1a, tambi\u00e9n alcanza a otras como la venta de bebidas alcoh\u00f3licas, aperturas de bares, entre otras.<\/p>\n<p>\u00bfQu\u00e9 es la veda electoral?<\/p>\n<p>La veda electoral es el lapso durante el que rigen una serie de prohibiciones legales vinculadas a la propaganda pol\u00edtica, que se aplican cuando hay elecciones. El C\u00f3digo Nacional Electoral proh\u00edbe una serie de acciones, adem\u00e1s, tanto para los candidatos y sus partidos, como para los ciudadanos.<\/p>\n<p>Veda electoral: cu\u00e1ndo empieza, qu\u00e9 se puede hacer y qu\u00e9 no<\/p>\n<p>Desde las 8 de la ma\u00f1ana del viernes 11 de agosto no se podr\u00e1:<\/p>\n<p>Realizar actos p\u00fablicos de campa\u00f1a y proselitismo electoral.<br \/>\nOfrecer o entregar a los electores boletas de sufragio dentro de un radio de 80 metros de las mesas receptoras de votos, contados sobre la calzada, calle o camino.<br \/>\nPublicar y difundir encuestas o sondeos preelectorales.<br \/>\nVender bebidas alcoh\u00f3licas (en este caso, prohibida desde las 20 horas del s\u00e1bado hasta las 21 del domingo).<br \/>\nRealizar espect\u00e1culos populares al aire libre o en recintos cerrados y toda clase de reuniones p\u00fablicas que no se refieran al acto electoral.<br \/>\nPortar armas<br \/>\nPortar banderas, distintivos o insignias partidarias.<\/p>\n","protected":false},"excerpt":{"rendered":"<p>La veda electoral por las elecciones PASO 2023 comenzar\u00e1 a regir a partir del viernes 11 de agosto a las<\/p>\n","protected":false},"author":2,"featured_media":6196,"comment_status":"closed","ping_status":"closed","sticky":false,"template":"","format":"standard","meta":{"footnotes":"","jetpack_publicize_message":"","jetpack_publicize_feature_enabled":true,"jetpack_social_post_already_shared":true,"jetpack_social_options":{"image_generator_settings":{"template":"highway","enabled":false},"version":2}},"categories":[12],"tags":[],"class_list":["post-6184","post","type-post","status-publish","format-standard","has-post-thumbnail","hentry","category-politica"],"jetpack_publicize_connections":[],"_links":{"self":[{"href":"https:\/\/diariorepublica.com.ar\/web\/index.php\/wp-json\/wp\/v2\/posts\/6184"}],"collection":[{"href":"https:\/\/diariorepublica.com.ar\/web\/index.php\/wp-json\/wp\/v2\/posts"}],"about":[{"href":"https:\/\/diariorepublica.com.ar\/web\/index.php\/wp-json\/wp\/v2\/types\/post"}],"author":[{"embeddable":true,"href":"https:\/\/diariorepublica.com.ar\/web\/index.php\/wp-json\/wp\/v2\/users\/2"}],"replies":[{"embeddable":true,"href":"https:\/\/diariorepublica.com.ar\/web\/index.php\/wp-json\/wp\/v2\/comments?post=6184"}],"version-history":[{"count":1,"href":"https:\/\/diariorepublica.com.ar\/web\/index.php\/wp-json\/wp\/v2\/posts\/6184\/revisions"}],"predecessor-version":[{"id":6197,"href":"https:\/\/diariorepublica.com.ar\/web\/index.php\/wp-json\/wp\/v2\/posts\/6184\/revisions\/6197"}],"wp:featuredmedia":[{"embeddable":true,"href":"https:\/\/diariorepublica.com.ar\/web\/index.php\/wp-json\/wp\/v2\/media\/6196"}],"wp:attachment":[{"href":"https:\/\/diariorepublica.com.ar\/web\/index.php\/wp-json\/wp\/v2\/media?parent=6184"}],"wp:term":[{"taxonomy":"category","embeddable":true,"href":"https:\/\/diariorepublica.com.ar\/web\/index.php\/wp-json\/wp\/v2\/categories?post=6184"},{"taxonomy":"post_tag","embeddable":true,"href":"https:\/\/diariorepublica.com.ar\/web\/index.php\/wp-json\/wp\/v2\/tags?post=6184"}],"curies":[{"name":"wp","href":"https:\/\/api.w.org\/{rel}","templated":true}]}}